{"id":3537,"date":"2019-04-02T09:00:09","date_gmt":"2019-04-02T09:00:09","guid":{"rendered":"https:\/\/codexflores.ch\/index.php\/2019\/04\/02\/center-for-world-music-unterstuetzt-gefluechtete-musiker\/"},"modified":"2019-04-02T09:00:09","modified_gmt":"2019-04-02T09:00:09","slug":"center-for-world-music-unterstuetzt-gefluechtete-musiker","status":"publish","type":"post","link":"https:\/\/codexflores.ch\/index.php\/2019\/04\/02\/center-for-world-music-unterstuetzt-gefluechtete-musiker\/","title":{"rendered":"Center for World Music unterst\u00fctzt gefl\u00fcchtete Musiker"},"content":{"rendered":"<p><span style=\"font-family: arial, helvetica, sans-serif; font-size: small;\">02.04.2019 &#8212; Das Center for World Music der Universit\u00e4t Hildesheim sucht bundesweit ab sofort Musikerinnen und Musiker, die nach der Flucht ihre musikalische Ausbildung in Deutschland fortsetzen und studieren m\u00f6chten.<\/span><\/p>\n<p><span style=\"font-family: arial, helvetica, sans-serif; font-size: small;\"><strong>02.04.2019 &#8212; Das Center for World Music der Universit\u00e4t Hildesheim sucht bundesweit ab sofort Musikerinnen und Musiker, die nach der Flucht ihre musikalische Ausbildung in Deutschland fortsetzen und studieren m\u00f6chten.<\/strong><\/span><\/p>\n<p><span style=\"font-family: arial, helvetica, sans-serif; font-size: small;\">\u00a0<\/span><\/p>\n<p><span style=\"font-family: arial, helvetica, sans-serif; font-size: small;\">Sie k\u00f6nnen sich in Hildesheim in Sprach- und Vorbereitungskursen kostenfrei auf das Studium vorbereiten. Insgesamt sind 15 Pl\u00e4tze vorhanden. Eine Bewerbung ist bis zum 23. April 2019 m\u00f6glich. Am Center for World Music haben bisher 100 Personen aus 15 Herkunftsl\u00e4ndern im Alter von 20 bis 60 Jahren studiert.<\/span><\/p>\n<p><span style=\"font-family: arial, helvetica, sans-serif; font-size: small;\">\u00a0<\/span><\/p>\n<p><span style=\"font-family: arial, helvetica, sans-serif; font-size: small;\">Der Kurs bereitet auf das wissenschaftliche Arbeiten vor, die Teilnehmer lernen die Universit\u00e4tsbibliothek kennen, nehmen an Einf\u00fchrungen \u00fcber Musiktheorie teil, nehmen an einem Sprachkurs teil und musizieren gemeinsam. Die Teilnahme an diesen Vorbereitungskursen ist kostenfrei. Die Musikerinnen und Musiker werden in den kommenden Monaten von Mai bis September 2019 an dem Sprachkurs und Vorbereitungskurs an der Universit\u00e4t teilnehmen k\u00f6nnen.<\/span><\/p>\n<p><span style=\"font-family: arial, helvetica, sans-serif; font-size: small;\">\u00a0<\/span><\/p>\n<p><span style=\"font-family: arial, helvetica, sans-serif; font-size: small;\">Die Aufnahmepr\u00fcfung findet am 25. April 2019 im Center for World Music in Hildesheim statt. Eine Anmeldung zur Pr\u00fcfung ist Pflicht. Wer sich f\u00fcr das Unterst\u00fctzungsprogramm interessiert, kann ab sofort Morena Piro, Mitarbeiterin am Center for World Music, unter piromo@uni-hildesheim.de erreichen und sich bis sp\u00e4testens zum 23. April 2019 f\u00fcr die Aufnahmepr\u00fcfung anmelden.<\/span><\/p>\n<p><span style=\"font-family: arial, helvetica, sans-serif; font-size: small;\">\u00a0<\/span><\/p>\n<p><span style=\"font-family: arial, helvetica, sans-serif; font-size: small;\"><strong>Mehr Informationen online unter:<\/strong><\/span><br \/><span style=\"font-family: arial, helvetica, sans-serif; font-size: small;\"> <a href=\"http:\/\/www.uni-hildesheim.de\/center-for-world-music\/studium-und-lehre\/musikwelt\/%20%20\" target=\"_blank\" rel=\"noopener noreferrer\">www.uni-hildesheim.de\/center-for-world-music\/studium-und-lehre\/musikwelt\/ \u00a0<\/a><\/span><\/p>\n<p>\u00a0<\/p>\n","protected":false},"excerpt":{"rendered":"<p><span style=\"font-family: arial, helvetica, sans-serif; font-size: small;\">02.04.2019 &#8212; Das Center for World Music der Universit\u00e4t Hildesheim sucht bundesweit ab sofort Musikerinnen und Musiker, die nach der Flucht ihre musikalische Ausbildung in Deutschland fortsetzen und studieren m\u00f6chten.<\/span><\/p>\n","protected":false},"author":1,"featured_media":0,"comment_status":"open","ping_status":"open","sticky":false,"template":"","format":"standard","meta":{"footnotes":""},"categories":[2],"tags":[],"class_list":["post-3537","post","type-post","status-publish","format-standard","hentry","category-nachrichten","entry"],"_links":{"self":[{"href":"https:\/\/codexflores.ch\/index.php\/wp-json\/wp\/v2\/posts\/3537","targetHints":{"allow":["GET"]}}],"collection":[{"href":"https:\/\/codexflores.ch\/index.php\/wp-json\/wp\/v2\/posts"}],"about":[{"href":"https:\/\/codexflores.ch\/index.php\/wp-json\/wp\/v2\/types\/post"}],"author":[{"embeddable":true,"href":"https:\/\/codexflores.ch\/index.php\/wp-json\/wp\/v2\/users\/1"}],"replies":[{"embeddable":true,"href":"https:\/\/codexflores.ch\/index.php\/wp-json\/wp\/v2\/comments?post=3537"}],"version-history":[{"count":0,"href":"https:\/\/codexflores.ch\/index.php\/wp-json\/wp\/v2\/posts\/3537\/revisions"}],"wp:attachment":[{"href":"https:\/\/codexflores.ch\/index.php\/wp-json\/wp\/v2\/media?parent=3537"}],"wp:term":[{"taxonomy":"category","embeddable":true,"href":"https:\/\/codexflores.ch\/index.php\/wp-json\/wp\/v2\/categories?post=3537"},{"taxonomy":"post_tag","embeddable":true,"href":"https:\/\/codexflores.ch\/index.php\/wp-json\/wp\/v2\/tags?post=3537"}],"curies":[{"name":"wp","href":"https:\/\/api.w.org\/{rel}","templated":true}]}}