{"id":354,"date":"2014-01-11T08:28:15","date_gmt":"2014-01-11T08:28:15","guid":{"rendered":"https:\/\/codexflores.ch\/index.php\/2014\/01\/11\/von-wolfgang-boehler-der-schweizer-musikrat-will-im-kommenden-jahr-die-volksinitiative-jugend-musik-lancieren-sie-verlangt-dass-die-musikalische-bildung-in-der-schweiz-in-der-bundesverfassung-veranker\/"},"modified":"2014-01-11T08:28:15","modified_gmt":"2014-01-11T08:28:15","slug":"von-wolfgang-boehler-der-schweizer-musikrat-will-im-kommenden-jahr-die-volksinitiative-jugend-musik-lancieren-sie-verlangt-dass-die-musikalische-bildung-in-der-schweiz-in-der-bundesverfassung-veranker","status":"publish","type":"post","link":"https:\/\/codexflores.ch\/index.php\/2014\/01\/11\/von-wolfgang-boehler-der-schweizer-musikrat-will-im-kommenden-jahr-die-volksinitiative-jugend-musik-lancieren-sie-verlangt-dass-die-musikalische-bildung-in-der-schweiz-in-der-bundesverfassung-veranker\/","title":{"rendered":"Von Wolfgang B\u00f6hler  Der Schweizer Musikrat will im kommenden Jahr die Volksinitiative \u00abJugend + Musik\u00bb lancieren. Sie verlangt, dass die musikalische Bildung in der Schweiz in der Bundesverfassung verankert wird (Codex flores berichtete). Wir werden das"},"content":{"rendered":"<p><center><em>Von Wolfgang B\u00f6hler<\/em><\/center> <\/p>\n<p><span class=\"txt-m-black\"><span class=\"txt-m-black\">\u00a0<\/span><\/span><\/p>\n<table align=\"left\">\n<tbody>\n<tr>\n<td width=\"70\"><img decoding=\"async\" src=\"http:\/\/212.60.37.143\/bilder\/kolumnewb.jpg\" border=\"0\" \/><\/td>\n<\/tr>\n<\/tbody>\n<\/table>\n<p><span class=\"txt-m-black\">05.01.2007 &#8212; Kurz vor den Weihnachtsferien hat der Bundesrat noch zwei Vorlagen in die Vernehmlassung geschickt. Es handelt sich um die Ratifizierung eng zusammengeh\u00f6render Konventionen der Unesco. Die eine schafft eine v\u00f6lkerrechtlich verbindliche Grundlage f\u00fcr das \u00abRecht aller Staaten auf eine eigenst\u00e4ndige Kulturpolitik\u00bb. Die andere verpflichtet die Vertragsstaaten, die notwendigen Massnahmen zum Schutz ihres immateriellen Kulturerbes zu treffen. Damit sind im Gegensatz zu physisch vorhandenen Werten wie Geb\u00e4uden, Landschaften oder Dokumenten traditionelle Ausdrucksformen wie \u00abMusik, Theater, Legenden, Tanz oder Handwerk\u00bb gemeint. Interessierte Kreise haben bis Ende M\u00e4rz Gelegenheit zur Stellungnahme. Im Grossen und Ganzen geht es darum, Volkskultur besser zu sch\u00fctzen und zu bewahren.<\/p>\n<p> Die geforderten Massnahmen der ersten Konvention \u2013 unter anderem der Informationsaustausch \u00fcber die entsprechenden nationalen Projekte \u2013 k\u00f6nnen im Rahmen der \u00fcblichen Verwaltungst\u00e4tigkeit bew\u00e4ltigt werden. Vorgesehen sind allerdings \u00abfreiwillige\u00bb Beitr\u00e4ge an einen internationalen Fonds. Sollte die Schweiz ins Auge fassen, sich da zu engagieren, m\u00fcssten im Rahmen der Finanzplanung des Bundes vorgesehene Zuwendungen auf den \u00fcblichen politischen Wegen diskutiert werden.<\/p>\n<p> Zur Durchsetzung der Ziele der Konvention \u00fcber das immaterielle Kulturerbe wiederum wird von der Unesco ein Fonds eingerichtet, in den die Schweiz im Falle einer Ratifizierung ein Prozent des Beitrages einzahlen m\u00fcsste, den sie zum ordentlichen Haushalt der Unesco bereits leistet. Faktisch w\u00fcrde dies die Zahlung von rund 25&#8217;000 Franken pro Jahr bedeuten. Zudem ist der Aufbau von Listen und Inventare zum jeweiligen nationalen immateriellen Kulturgut vorgesehen.<\/p>\n<p> 120 Staaten haben der Konvention bei der Verabschiedung an der Unesco-Generalkonferenz 2003 zugestimmt, keiner war dagegen. Die Schweiz hat sich zusammen mit weiteren sieben Staaten der Stimme enthalten \u2013 unter anderem, weil sie sich eine bessere Pr\u00fcfung der Vor- und Nachteile von Inventaren und Listen gew\u00fcnscht h\u00e4tte.<\/p>\n<p> Da m\u00fcssen wir uns Schweizer allerdings zun\u00e4chst selber an der Nase nehmen. Das Pilotprojekt eines <em>Schweizerischen Inventars des immateriellen Kulturerbes<\/em>, das auf der Webseite <a href=\"http:\/\/www.cioff.ch\" target=\"blank\" rel=\"noopener noreferrer\">www.cioff.ch<\/a> unter dem Patronat des Bundesamtes f\u00fcr Kultur zu finden ist, kann nun wirklich nur als abschreckendes Beispiel dienen: unbedarft gestaltet, benutzerunfreundlich und inhaltlich beliebig. Wird es als Indikator f\u00fcr den Willen des Landes genommen, die Konventionen der Unesco umzusetzen, dann ist nicht viel Gutes zu erwarten. <\/p>\n<p> Was Jean-Fr\u00e9d\u00e9ric Jauslin, der Direktor des Bundesamtes f\u00fcr Kultur zu den Konventionen sagt, findet sich <a href=\"http:\/\/www.bak.admin.ch\/bak\/org\/index.html?lang=de\" target=\"blank\" rel=\"noopener noreferrer\">hier<\/a> (Stand: 05.01.2007).<\/span> <span class=\"txt-m-black\">(<em>wb<\/em>)<\/span><\/p>\n<p> <center> <\/p>\n<table style=\"width: 420px;\" summary=\"linie\" border=\"0\" cellspacing=\"0\" cellpadding=\"0\">\n<tbody>\n<tr>\n<td colspan=\"9\" bgcolor=\"#666666\" height=\"1\"><img loading=\"lazy\" decoding=\"async\" src=\"http:\/\/212.60.37.143\/grafiken\/dbrown1x1.gif\" border=\"0\" width=\"1\" height=\"1\" \/><\/td>\n<\/tr>\n<\/tbody>\n<\/table>\n<p> <\/center> <\/p>\n<p><span class=\"txt-s-black\">Der Musikphilosoph Wolfgang B\u00f6hler (M.A.) studierte an der Universit\u00e4t Bern Wissenschaftstheorie, Mathematik und Musikwissenschaft. Er ist Chefredaktor des Codex flores Onlinemagazins.<\/span><\/p>\n","protected":false},"excerpt":{"rendered":"<p>Von Wolfgang B\u00f6hler \u00a0 05.01.2007 &#8212; Kurz vor den Weihnachtsferien hat der Bundesrat noch zwei Vorlagen in die Vernehmlassung geschickt.&#8230;<\/p>\n","protected":false},"author":1,"featured_media":0,"comment_status":"open","ping_status":"open","sticky":false,"template":"","format":"standard","meta":{"footnotes":""},"categories":[5],"tags":[],"class_list":["post-354","post","type-post","status-publish","format-standard","hentry","category-editorials","entry"],"_links":{"self":[{"href":"https:\/\/codexflores.ch\/index.php\/wp-json\/wp\/v2\/posts\/354","targetHints":{"allow":["GET"]}}],"collection":[{"href":"https:\/\/codexflores.ch\/index.php\/wp-json\/wp\/v2\/posts"}],"about":[{"href":"https:\/\/codexflores.ch\/index.php\/wp-json\/wp\/v2\/types\/post"}],"author":[{"embeddable":true,"href":"https:\/\/codexflores.ch\/index.php\/wp-json\/wp\/v2\/users\/1"}],"replies":[{"embeddable":true,"href":"https:\/\/codexflores.ch\/index.php\/wp-json\/wp\/v2\/comments?post=354"}],"version-history":[{"count":0,"href":"https:\/\/codexflores.ch\/index.php\/wp-json\/wp\/v2\/posts\/354\/revisions"}],"wp:attachment":[{"href":"https:\/\/codexflores.ch\/index.php\/wp-json\/wp\/v2\/media?parent=354"}],"wp:term":[{"taxonomy":"category","embeddable":true,"href":"https:\/\/codexflores.ch\/index.php\/wp-json\/wp\/v2\/categories?post=354"},{"taxonomy":"post_tag","embeddable":true,"href":"https:\/\/codexflores.ch\/index.php\/wp-json\/wp\/v2\/tags?post=354"}],"curies":[{"name":"wp","href":"https:\/\/api.w.org\/{rel}","templated":true}]}}