{"id":361,"date":"2014-01-11T08:32:20","date_gmt":"2014-01-11T08:32:20","guid":{"rendered":"https:\/\/codexflores.ch\/index.php\/2014\/01\/11\/kein-geld-vom-bund-fuer-die-vorsorge\/"},"modified":"2014-01-11T08:32:20","modified_gmt":"2014-01-11T08:32:20","slug":"kein-geld-vom-bund-fuer-die-vorsorge","status":"publish","type":"post","link":"https:\/\/codexflores.ch\/index.php\/2014\/01\/11\/kein-geld-vom-bund-fuer-die-vorsorge\/","title":{"rendered":"Kein Geld vom Bund f\u00fcr die Vorsorge"},"content":{"rendered":"<p><center><em>Von Wolfgang B\u00f6hler<\/em><\/center> <\/p>\n<p><span class=\"txt-m-black\"><span class=\"txt-m-black\">\u00a0<\/span><\/span><\/p>\n<table align=\"left\">\n<tbody>\n<tr>\n<td width=\"70\"><img decoding=\"async\" src=\"http:\/\/212.60.37.143\/bilder\/kolumnewb.jpg\" border=\"0\" \/><\/td>\n<\/tr>\n<\/tbody>\n<\/table>\n<p><span class=\"txt-m-black\">13.04.2007 &#8212; Mancher einflussreiche und \u00e4sthetisch bedeutende K\u00fcnstler schafft sich die f\u00fcr echte kreative Arbeit n\u00f6tigen Freir\u00e4ume, und dies h\u00e4ufig entgegen aller wirtschaftlicher Vernunft. Wenn er nicht das Gl\u00fcck hat, zur gerade angesagten \u00e4sthetischen Haute-Vol\u00e9e zu geh\u00f6ren, ergattert er sich zum \u00dcberleben mal hier, mal dort einen Auftrag. Ansonsten lebt er von Schulterklopfen und Bewunderung seiner Verehrer, mit der er sich beim B\u00e4cker allerdings kein Brot kaufen kann. Solch freies K\u00fcnstlerleben mag in jungen Jahren viel Verlockendes an sich haben, irgendwann einmal kommt aber jeder in die Jahre, und nicht allen ist es verg\u00f6nnt, bis ins hohe Alter gesund, produktiv und motiviert zu bleiben.<\/p>\n<p> F\u00fcr dieses Problem suchen die politischen Vertreter der Kultur zur Zeit eine zukunftstr\u00e4chtige L\u00f6sung. Sie haben den Bund aufgefordert, sich dazu ein paar grunds\u00e4tzliche Gedanken zu machen. Der Aufgabe hat er sich mit dem k\u00fcrzlich ver\u00f6ffentlichten Bericht \u00abDie soziale Sicherheit der Kulturschaffenden in der Schweiz\u00bb entledigt. Er kommt dabei \u2013 im Gegensatz zum Gesetzgeber in Deutschland \u2013 zum nicht minder grunds\u00e4tzlichen Schluss, dass es sich nicht um sein Bier handelt, auch wenn er signalisiert, dass er Privaten, die das Problem l\u00f6sen m\u00f6chten, durchaus unter die Arme zu greifen bereit ist (siehe dazu das <a href=\"http:\/\/212.60.37.143\/rezensionen_ind3.php?art=360\">Codex flores Feature<\/a>).<\/p>\n<p> Sicher gut beraten ist die \u00abKreativwirtschaft\u00bb, wenn sie das Problem in einem weiteren Zusammenhang sieht und auch in Branchen Kooperationen oder Unterst\u00fctzung sucht, die \u00e4hnliche Strukturen aufweisen. Dies sind neben den Medien auch die IT. Ein interessantes Projekt am Institute Cultural Studies der Z\u00fcrcher Hochschule f\u00fcr Gestaltung und Kunst Z\u00fcrich zum Thema \u00abNeue Selbst\u00e4ndige in IT, Medien und Kultur. Chancen und Risiken einer neuen Erwerbsform\u00bb d\u00fcrfte hier aufschlussreiche Basisinformationen liefern (Infos dazu finden sich unter <a href=\"http:\/\/ics.hgkz.ch\/d\/forschungsprojekte\/ICSInstitutCulturalStudiesinArtMediaandDesign.html\" target=\"blank\" rel=\"noopener noreferrer\">ics.hgkz.ch <\/a>.<\/p>\n<p> Allerdings existiert \u2013 im Rahmen der \u00fcberobligatorischen Vorsorge \u2013 bereits heute ein Angebot der Schweizer Musikschulen, das auch selbst\u00e4ndige Musiker in Anspruch nehmen k\u00f6nnen, wenn sie einem anerkannten Verband angeh\u00f6ren. Auskunft \u00fcber die Details dazu bietet die Webseite <a href=\"http:\/\/www.musikervorsorge.ch\" target=\"blank\" rel=\"noopener noreferrer\">www.musikervorsorge.ch<\/a> <\/p>\n<p> Um mittel- oder langfristig flexiblere und vom Verbandswesen unabh\u00e4ngigere L\u00f6sungen zu finden, sollten aber auch unkonventionelle L\u00f6sungen in Betracht gezogen werden. In der bildenden Kunst existiert mit dem Artist Pension Trust (zu finden unter <a href=\"http:\/\/www.aptglobal.org\" target=\"blank\" rel=\"noopener noreferrer\">www.aptglobal.org<\/a>) etwa eine originelle Einrichtung, in die anstelle von Geld Kunstwerke einbezahlt werden k\u00f6nnen.<\/span> <span class=\"txt-m-black\">(<em>wb<\/em>)<\/span><\/p>\n<p> <center> <\/p>\n<table style=\"width: 420px;\" summary=\"linie\" border=\"0\" cellspacing=\"0\" cellpadding=\"0\">\n<tbody>\n<tr>\n<td colspan=\"9\" bgcolor=\"#666666\" height=\"1\"><img loading=\"lazy\" decoding=\"async\" src=\"http:\/\/212.60.37.143\/grafiken\/dbrown1x1.gif\" border=\"0\" width=\"1\" height=\"1\" \/><\/td>\n<\/tr>\n<\/tbody>\n<\/table>\n<p> <\/center> <\/p>\n<p><span class=\"txt-s-black\">Der Musikphilosoph Wolfgang B\u00f6hler (M.A.) studierte an der Universit\u00e4t Bern Wissenschaftstheorie, Mathematik und Musikwissenschaft. Er ist Chefredaktor des Codex flores Onlinemagazins.<\/span><\/p>\n","protected":false},"excerpt":{"rendered":"<p>Von Wolfgang B\u00f6hler \u00a0 13.04.2007 &#8212; Mancher einflussreiche und \u00e4sthetisch bedeutende K\u00fcnstler schafft sich die f\u00fcr echte kreative Arbeit n\u00f6tigen&#8230;<\/p>\n","protected":false},"author":1,"featured_media":0,"comment_status":"open","ping_status":"open","sticky":false,"template":"","format":"standard","meta":{"footnotes":""},"categories":[5],"tags":[],"class_list":["post-361","post","type-post","status-publish","format-standard","hentry","category-editorials","entry"],"_links":{"self":[{"href":"https:\/\/codexflores.ch\/index.php\/wp-json\/wp\/v2\/posts\/361","targetHints":{"allow":["GET"]}}],"collection":[{"href":"https:\/\/codexflores.ch\/index.php\/wp-json\/wp\/v2\/posts"}],"about":[{"href":"https:\/\/codexflores.ch\/index.php\/wp-json\/wp\/v2\/types\/post"}],"author":[{"embeddable":true,"href":"https:\/\/codexflores.ch\/index.php\/wp-json\/wp\/v2\/users\/1"}],"replies":[{"embeddable":true,"href":"https:\/\/codexflores.ch\/index.php\/wp-json\/wp\/v2\/comments?post=361"}],"version-history":[{"count":0,"href":"https:\/\/codexflores.ch\/index.php\/wp-json\/wp\/v2\/posts\/361\/revisions"}],"wp:attachment":[{"href":"https:\/\/codexflores.ch\/index.php\/wp-json\/wp\/v2\/media?parent=361"}],"wp:term":[{"taxonomy":"category","embeddable":true,"href":"https:\/\/codexflores.ch\/index.php\/wp-json\/wp\/v2\/categories?post=361"},{"taxonomy":"post_tag","embeddable":true,"href":"https:\/\/codexflores.ch\/index.php\/wp-json\/wp\/v2\/tags?post=361"}],"curies":[{"name":"wp","href":"https:\/\/api.w.org\/{rel}","templated":true}]}}