{"id":376,"date":"2014-01-11T08:40:59","date_gmt":"2014-01-11T08:40:59","guid":{"rendered":"https:\/\/codexflores.ch\/index.php\/2014\/01\/11\/akustische-kunst-am-bau-in-zuerich-und-genf\/"},"modified":"2014-01-11T08:40:59","modified_gmt":"2014-01-11T08:40:59","slug":"akustische-kunst-am-bau-in-zuerich-und-genf","status":"publish","type":"post","link":"https:\/\/codexflores.ch\/index.php\/2014\/01\/11\/akustische-kunst-am-bau-in-zuerich-und-genf\/","title":{"rendered":"Akustische Kunst am Bau in Z\u00fcrich und Genf"},"content":{"rendered":"<p><center><em>Von Wolfgang B\u00f6hler<\/em><\/center> <\/p>\n<p><span class=\"txt-m-black\"><span class=\"txt-m-black\">\u00a0<\/span><\/span><\/p>\n<table align=\"left\">\n<tbody>\n<tr>\n<td width=\"70\"><img decoding=\"async\" src=\"http:\/\/212.60.37.143\/bilder\/kolumnewb.jpg\" border=\"0\" \/><\/td>\n<\/tr>\n<\/tbody>\n<\/table>\n<p><span class=\"txt-m-black\">09.11.2007 &#8212; Die stilbewusste moderne Architektur scheut Ornamentales etwa so wie Qualit\u00e4tszeitungen barbusige Seite-3-Girls. Als vegtarischen Ersatz f\u00fcr alles, was im \u00f6ffentlichen H\u00e4user-Raum das Herz w\u00e4rmen k\u00f6nnte, gibt\u2019s daf\u00fcr Kunst am Bau. Das sind in der Regel mehr oder weniger geschmackvolle \u00e4sthetische Interventionen, die \u2212 nebenbei erw\u00e4hnt \u2212 f\u00fcr die bildenden K\u00fcnstler eine nicht unerhebliche Einnahmequelle darstellen. Derartige Installationen k\u00f6nnen auch akustischer Natur sein, wie frisch pr\u00e4sentierte Projekte in Z\u00fcrich und Genf beweisen. Dass die Z\u00fcrcher die Pressemitteilung zu ihrem realisierten Vorhaben mit \u00abeuropaweit einzigartige Kunst\u00bb \u00fcbertiteln, mag angesichts der nicht <em>ganz<\/em> deckungsgleichen Absichten in der Deutsch- und der Westschweiz zu rechtfertigen sein. Nichtsdestotrotz spiegelt es einen etwas autistisch anmutenden Mangel an Neugier gegen\u00fcber den Entwicklungen im franz\u00f6sischsprachigen Teil der Schweiz.<\/p>\n<p> Es ist auch eine verpasste Chance: Man h\u00e4tte ja \u2212 zum Beispiel unter dem Motto \u00abDas Ohr und der st\u00e4dtische Raum\u00bb \u2212 eine die Sprachregionen \u00fcbergreifende Diskussion dar\u00fcber anreissen k\u00f6nnen, was f\u00fcr eine Rolle dem H\u00f6ren im \u00f6ffentlichen Raum zukommt. Darauf, dass da einiges im Argen liegt, haben wir an anderer Stelle bereits hingewiesen (siehe <a href=\"http:\/\/212.60.37.143\/dossiers_ind9.php?art=30\">Dossiertext<\/a>).<\/p>\n<p> Worum geht es in \u00abDowntown Switzerland\u00bb Z\u00fcrich? Das K\u00fcnstlerduo Yves Netzhammer und Bernd Schurer hat f\u00fcr Quartier-Schulh\u00e4user akustische Landschaften kreiert. Ihre Installation \u00abH\u00f6rlandschaften \/ Soundscapes\u00bb versieht drei Schulhauskomplexe mit Ger\u00e4uschwelten aus dem Tierreich. Im Hirzenbach stammen sie aus dem Wasser, in Luchswiesen vom Land und im Falletsche aus der Luft.<\/p>\n<p> Die Ger\u00e4uschkulissen werden von einem Computerprogramm generiert. Als Input dienen lichtempfindliche Sensoren in den Korridoren der H\u00e4user. Die virtuelle Fauna der Landschaften hat einen eigenen Tages- und Jahresrhythmus, ist den Menschen gegen\u00fcber aber genauso zur\u00fcckhaltend wie ihre realen Gegenst\u00fccke: Wer sich in einem Raum l\u00e4nger aufh\u00e4lt und sich dabei m\u00f6glichst still verh\u00e4lt, bewirkt, dass die Tiere aktiver und damit ger\u00e4uschvoller werden. Dies bietet f\u00fcr die in der Regel recht l\u00e4rmigen Schulkinder einen grossen Anreiz, sich f\u00fcr einmal zur\u00fcckzunehmen, um zu einem akustischen Erlebnis vorzustossen. Clever gemacht. Zu dem Projekt gibt es eine Dokumentation, die beim Z\u00fcrcher Amt f\u00fcr Hochbauten bestellt werden kann.<\/p>\n<p> In Genf hat der K\u00fcnstler Alexandre Joly unter dem Motto \u00abLe Bruit des Ouches\u00bb f\u00fcr das Umfeld des Schulhauses Les Ouches einen \u00abJardin sonore\u00bb, einen klingenden Garten, erschaffen. Er soll Begegnungen zwischen Sch\u00fclern und Bewohnern des umliegenden Quartiers stimulieren. Akustische Installationen \u2212 zum Beispiel Buschh\u00e4uschen, aus denen \u00fcber R\u00f6hrensysteme \u00abtelefoniert\u00bb werden kann \u2212 animieren zur sozialen Interaktion. In Gegensatz zu optischen Objekten, die bloss zum passiven Betrachten einladen, verm\u00f6gen solche Horchsysteme den aktiven Austausch anzuregen.<\/p>\n<p> Die beiden Projekte in Z\u00fcrich und Genf zeigen, dass das Bewusstsein f\u00fcr die akustische Umgebung steigt, und das ist gut so. Bleibt zu hoffen, dass weitere St\u00e4dte den Mut haben, ihre urbanen R\u00e4ume nicht nur optisch, sondern auch akustisch bewusst zu gestalten. <\/span> <span class=\"txt-m-black\">(<em>wb<\/em>)<\/span><\/p>\n<p> <center> <\/p>\n<table style=\"width: 420px;\" summary=\"linie\" border=\"0\" cellspacing=\"0\" cellpadding=\"0\">\n<tbody>\n<tr>\n<td colspan=\"9\" bgcolor=\"#666666\" height=\"1\"><img loading=\"lazy\" decoding=\"async\" src=\"http:\/\/212.60.37.143\/grafiken\/dbrown1x1.gif\" border=\"0\" width=\"1\" height=\"1\" \/><\/td>\n<\/tr>\n<\/tbody>\n<\/table>\n<p> <\/center> <\/p>\n<p><span class=\"txt-s-black\">Der Musikphilosoph Wolfgang B\u00f6hler (M.A.) studierte an der Universit\u00e4t Bern Wissenschaftstheorie, Mathematik und Musikwissenschaft. Er ist Chefredaktor des Codex flores Onlinemagazins.<\/span><\/p>\n","protected":false},"excerpt":{"rendered":"<p>Von Wolfgang B\u00f6hler \u00a0 09.11.2007 &#8212; Die stilbewusste moderne Architektur scheut Ornamentales etwa so wie Qualit\u00e4tszeitungen barbusige Seite-3-Girls. Als vegtarischen&#8230;<\/p>\n","protected":false},"author":1,"featured_media":0,"comment_status":"open","ping_status":"open","sticky":false,"template":"","format":"standard","meta":{"footnotes":""},"categories":[5],"tags":[],"class_list":["post-376","post","type-post","status-publish","format-standard","hentry","category-editorials","entry"],"_links":{"self":[{"href":"https:\/\/codexflores.ch\/index.php\/wp-json\/wp\/v2\/posts\/376","targetHints":{"allow":["GET"]}}],"collection":[{"href":"https:\/\/codexflores.ch\/index.php\/wp-json\/wp\/v2\/posts"}],"about":[{"href":"https:\/\/codexflores.ch\/index.php\/wp-json\/wp\/v2\/types\/post"}],"author":[{"embeddable":true,"href":"https:\/\/codexflores.ch\/index.php\/wp-json\/wp\/v2\/users\/1"}],"replies":[{"embeddable":true,"href":"https:\/\/codexflores.ch\/index.php\/wp-json\/wp\/v2\/comments?post=376"}],"version-history":[{"count":0,"href":"https:\/\/codexflores.ch\/index.php\/wp-json\/wp\/v2\/posts\/376\/revisions"}],"wp:attachment":[{"href":"https:\/\/codexflores.ch\/index.php\/wp-json\/wp\/v2\/media?parent=376"}],"wp:term":[{"taxonomy":"category","embeddable":true,"href":"https:\/\/codexflores.ch\/index.php\/wp-json\/wp\/v2\/categories?post=376"},{"taxonomy":"post_tag","embeddable":true,"href":"https:\/\/codexflores.ch\/index.php\/wp-json\/wp\/v2\/tags?post=376"}],"curies":[{"name":"wp","href":"https:\/\/api.w.org\/{rel}","templated":true}]}}