{"id":382,"date":"2014-01-11T09:20:41","date_gmt":"2014-01-11T09:20:41","guid":{"rendered":"https:\/\/codexflores.ch\/index.php\/2014\/01\/11\/kulturpolitik-wird-von-bildern-beherrscht\/"},"modified":"2014-01-11T09:20:41","modified_gmt":"2014-01-11T09:20:41","slug":"kulturpolitik-wird-von-bildern-beherrscht","status":"publish","type":"post","link":"https:\/\/codexflores.ch\/index.php\/2014\/01\/11\/kulturpolitik-wird-von-bildern-beherrscht\/","title":{"rendered":"Kulturpolitik wird von Bildern beherrscht"},"content":{"rendered":"<p><center><em>Von Wolfgang B\u00f6hler<\/em><\/center> <\/p>\n<p><span class=\"txt-m-black\"><span class=\"txt-m-black\">\u00a0<\/span><\/span><\/p>\n<table align=\"left\">\n<tbody>\n<tr>\n<td width=\"70\"><img decoding=\"async\" src=\"http:\/\/212.60.37.143\/bilder\/kolumnewb.jpg\" border=\"0\" \/><\/td>\n<\/tr>\n<\/tbody>\n<\/table>\n<p><span class=\"txt-m-black\">01.02.2008 &#8212; Dass die Schweizer Kulturpolitik nicht gerade ein weites Feld ist, damit haben wir uns doch schon fast abgefunden. Dennoch staunt man immer wieder dar\u00fcber, wie k\u00fcmmerlich das Beet beackert wird. Ein Blick auf die Vorst\u00f6sse, die in der vergangenen Wintersession in den eidgen\u00f6ssischen R\u00e4ten eingereicht worden sind, l\u00e4sst da auch f\u00fcr die Zukunft nur auf wenig Inspirierendes hoffen, ganz im Gegensatz zu den Schwergewichten staatspolitischer Notwendigkeiten: Die Sicherheitspolitik verzeichnet 48 Begehren, darunter so brisante wie Fragen zu den Swisscoy-Eins\u00e4tzen im Kosovo, zum privaten Umgang mit Waffen oder der Schaffung eines Sicherheitsdepartements. Zur Gesundheit finden sich 34 Vorst\u00f6sse, etwa zu den Krankenkassenpr\u00e4mien und der Sterbehilfe. Zum Verkehr sind 29 Anliegen deponiert worden. Da geht es etwa um den \u00f6ffentlichen Verkehr und die Sicherheit auf den Nationalstrassen. 21 Begehren sind in Sachen Wirtschaft deponiert worden. Sie betreffen Themen wie Schwarzarbeit oder die globale Finanzmarktkrise (nebenbei gesagt: Nationalrat Andr\u00e9 ist besorgt dar\u00fcber, dass die Alpenkonvention zu einem \u00abVerbot von Schneekantonen\u00bb f\u00fchren k\u00f6nnte, aber das ist vermutlich ein Druckfehler).<\/p>\n<p> Und die Vorst\u00f6sse in Sachen Kultur und Religion? Die halten nun eben mit Abstand den Minusrekord. Es handelt sich gerademal um zwei simple Anfragen, und ihr Inhalt spricht auch f\u00fcr sich: Nationalrat St\u00f6ckli m\u00f6chte wissen, auf welchen Zeitpunkt der Bundesrat das Bundesgesetz \u00fcber die Landessprachen in Kraft zu setzen gedenkt. Vermutlich schwant ihm bereits, dass sich die Exekutive da Zeit lassen d\u00fcrfte. Es gibt n\u00e4mlich Dringenderes. Etwa die Wartezeiten vor Bahn\u00fcberg\u00e4ngen (Anfrage von Simon Schenk), Minergie-Standards in Milit\u00e4rbauten (Postulat von Francine John-Calame) oder die Verwunderung dar\u00fcber, dass die Landesbibliothek nun \u00abNationalbibliothek\u00bb heisst (Anfrage von Kurt Fluri).<\/p>\n<p> Was die Bundespolitik in Sachen Kultur wirklich besch\u00e4ftigt, hat Franziska Teuscher im zweiten Kultur-Vorstoss aufs Tapet gebracht: Zum Verm\u00f6gen der Eidgenossenschaft, stellt die Nationalr\u00e4tin fest, geh\u00f6re auch eine umfangreiche Kunstsammlung. Vor rund sechs Jahren habe die Eidgen\u00f6ssische Finanzkontrolle L\u00fccken im Inventar festgestellt. Etliche Kunstgegenst\u00e4nde seien nicht mehr auffindbar \u2212 offenbar wegen mangelnder Sorgfaltspflicht und fehlender Inventarkontrolle.<\/p>\n<p> Ob der Bund denn heute \u00fcber ein systematisch erstelltes Inventar aller Kunstgegenst\u00e4nde verf\u00fcge, m\u00f6chte sie deshalb wissen. Und: sind in den letzten Jahren Kunstgegenst\u00e4nde der Eidgenossenschaft verschwunden? Falls ja: Welche Verluste sind der Eidgenossenschaft durch verschwundene Kunstgegenst\u00e4nde entstanden?<\/p>\n<p> So ist das mit der eidgen\u00f6ssischen Kulturpolitik: Werden in den \u00abharten\u00bb Disziplinen K\u00e4mpfe zur internationalen Sicherheit, den Finanzm\u00e4rkten und den Gesundheitskosten ausgetragen, stellt sich in Sachen Kultur die Frage, welche bundeseigenen Kunstwerke aus welchen Kellern verschwunden sind.<\/p>\n<p> Hoffen wir zumindest, sie h\u00e4ngen an W\u00e4nden, die sie auch verdienen. <\/span> <span class=\"txt-m-black\">(<em>wb<\/em>)<\/span><\/p>\n<p> <center> <\/p>\n<table style=\"width: 420px;\" summary=\"linie\" border=\"0\" cellspacing=\"0\" cellpadding=\"0\">\n<tbody>\n<tr>\n<td colspan=\"9\" bgcolor=\"#666666\" height=\"1\"><img loading=\"lazy\" decoding=\"async\" src=\"http:\/\/212.60.37.143\/grafiken\/dbrown1x1.gif\" border=\"0\" width=\"1\" height=\"1\" \/><\/td>\n<\/tr>\n<\/tbody>\n<\/table>\n<p> <\/center> <\/p>\n<p><span class=\"txt-s-black\">Der Musikphilosoph Wolfgang B\u00f6hler (M.A.) studierte an der Universit\u00e4t Bern Wissenschaftstheorie, Mathematik und Musikwissenschaft. Er ist Chefredaktor des Codex flores Onlinemagazins.<\/span><\/p>\n","protected":false},"excerpt":{"rendered":"<p>Von Wolfgang B\u00f6hler \u00a0 01.02.2008 &#8212; Dass die Schweizer Kulturpolitik nicht gerade ein weites Feld ist, damit haben wir uns&#8230;<\/p>\n","protected":false},"author":1,"featured_media":0,"comment_status":"open","ping_status":"open","sticky":false,"template":"","format":"standard","meta":{"footnotes":""},"categories":[5],"tags":[],"class_list":["post-382","post","type-post","status-publish","format-standard","hentry","category-editorials","entry"],"_links":{"self":[{"href":"https:\/\/codexflores.ch\/index.php\/wp-json\/wp\/v2\/posts\/382","targetHints":{"allow":["GET"]}}],"collection":[{"href":"https:\/\/codexflores.ch\/index.php\/wp-json\/wp\/v2\/posts"}],"about":[{"href":"https:\/\/codexflores.ch\/index.php\/wp-json\/wp\/v2\/types\/post"}],"author":[{"embeddable":true,"href":"https:\/\/codexflores.ch\/index.php\/wp-json\/wp\/v2\/users\/1"}],"replies":[{"embeddable":true,"href":"https:\/\/codexflores.ch\/index.php\/wp-json\/wp\/v2\/comments?post=382"}],"version-history":[{"count":0,"href":"https:\/\/codexflores.ch\/index.php\/wp-json\/wp\/v2\/posts\/382\/revisions"}],"wp:attachment":[{"href":"https:\/\/codexflores.ch\/index.php\/wp-json\/wp\/v2\/media?parent=382"}],"wp:term":[{"taxonomy":"category","embeddable":true,"href":"https:\/\/codexflores.ch\/index.php\/wp-json\/wp\/v2\/categories?post=382"},{"taxonomy":"post_tag","embeddable":true,"href":"https:\/\/codexflores.ch\/index.php\/wp-json\/wp\/v2\/tags?post=382"}],"curies":[{"name":"wp","href":"https:\/\/api.w.org\/{rel}","templated":true}]}}