{"id":383,"date":"2014-01-11T09:21:12","date_gmt":"2014-01-11T09:21:12","guid":{"rendered":"https:\/\/codexflores.ch\/index.php\/2014\/01\/11\/westschweizer-konservatorien-im-umbruch\/"},"modified":"2014-01-11T09:21:12","modified_gmt":"2014-01-11T09:21:12","slug":"westschweizer-konservatorien-im-umbruch","status":"publish","type":"post","link":"https:\/\/codexflores.ch\/index.php\/2014\/01\/11\/westschweizer-konservatorien-im-umbruch\/","title":{"rendered":"Westschweizer Konservatorien im Umbruch"},"content":{"rendered":"<p><center><em>Von Wolfgang B\u00f6hler<\/em><\/center> <\/p>\n<p><span class=\"txt-m-black\"><span class=\"txt-m-black\">\u00a0<\/span><\/span><\/p>\n<table align=\"left\">\n<tbody>\n<tr>\n<td width=\"70\"><img decoding=\"async\" src=\"http:\/\/212.60.37.143\/bilder\/kolumnewb.jpg\" border=\"0\" \/><\/td>\n<\/tr>\n<\/tbody>\n<\/table>\n<p><span class=\"txt-m-black\">15.02.2008 &#8212; Nicht nur die Deutschschweizer Ausbildungen von Berufsmusikern sind im Umbruch begriffen (die Stichworte dazu sind die Bologna-Reform und die Zusammenlegung von Kunst, Theater, Musik und weiteren Disziplinen zu umfassenden Kunsthochschulen). Auch die Westschweizer Konservatorien werden zur Zeit von Grund auf reformiert. Deutschschweizer Medien nehmen davon allerdings kaum Notiz. Wenn&#8217;s hoch kommt, dann vermelden die Agenturen h\u00f6chstens mal Oberfl\u00e4chliches wie einen Protestmarsch, den Neuenburger Musiker Ende Januar durchgef\u00fchrt haben, um auf den Abbau der professionellen Ausbildung am Konservatorium ihres Kantons hinzuweisen. Die Erkl\u00e4rungen dazu in den Medien diesseits der Sprachgrenze sind allerdings eher verwirrlich.<\/p>\n<p> Worum geht es? Die Bedingungen f\u00fcr eine Akkreditierung als Fachhochschule nach dem Bologna-System setzen eine gewisse Gr\u00f6sse einer Ausbildungsst\u00e4tte voraus. Kaum zur Diskussion gestanden ist dies f\u00fcr die Konservatorien von Genf und Lausanne, die mittlerweile den Status einer Haute Ecole des Suisse (HES) haben.<\/p>\n<p> F\u00fcr die Konservatorien von Neuenburg, Fribourg und Sion haben sich die Anforderungen f\u00fcr eine Akkreditierung als HES, die das BBT stellt, als wesentlich h\u00f6here H\u00fcrde herausgestellt (das BBT, das Bundesamt f\u00fcr Berufsbildung und Technologie, wird auf Franz\u00f6sisch mit \u00abOFFT\u00bb abgek\u00fcrzt, was soviel heisst wie \u00abOffice f\u00e9d\u00e9ral de la formation professionnelle et de la technologie\u00bb).<\/p>\n<p> Fribourg und Sion haben wegen der Aussichtslosigkeit eines solchen Unternehmens bereits zuvor die Waffen gestreckt. In Neuenburg ist man nach einer Selbstevaluation und der Reaktion darauf vom OFFT im letzten Herbst nun ebenfalls zu dem Schluss gekommen, dass die M\u00f6glichkeit, eine Akkreditierung zu erreichen, faktisch nicht gegeben ist.<\/p>\n<p> Wenn Neuenburg sein Angebot einer Berufsausbildung f\u00fcr Musiker (die notabene zu einem \u00fcberw\u00e4ltigenden Teil von ausl\u00e4ndischen und Deutschschweizer Studierenden und kaum von Einheimischen wahrgenommen wird) aufrechterhalten m\u00f6chte, h\u00e4tte der Kanton also bloss die M\u00f6glichkeit, als Abschluss ein vom Bologna-System nicht anerkanntes Diplom auszustellen. Die Absolventen w\u00e4ren auf dem von harter Konkurrenz gepr\u00e4gten Markt chancenlos.<\/p>\n<p> Es sind also nicht, wie in einigen Deutschschweizer Medien kolportiert, die Neuenburger Politiker, die der musikalischen Berufsausbildung im eigenen Kanton an den Kragen wollen. Es ist nach einer sorgf\u00e4ltigen Abkl\u00e4rung die Einsicht der Regierung, dass eine Akkreditierung des Konservatoriums als HES nicht machbar ist. Der Grosse Rat hat die Regierung denn auch beauftragt, eine alternative L\u00f6sung weiterzuverfolgen. Diese wiederum kann nur darin bestehen, in Neuenburg eine Zweigstelle der HES Genf oder Lausanne einzurichten.<\/p>\n<p> Ob es wirklich so weit kommt, wird sich zeigen. W\u00fcrde das Angebot n\u00e4mlich wie heute kaum von Einheimischen, sondern von ausl\u00e4ndischen und Deutschschweizer Studierenden genutzt, d\u00fcrfte man sich am Fuss des Chaumont m\u00f6glicherweise fragen, was \u2212 ausser den Kosten \u2212 der Kanton davon hat, Ausw\u00e4rtigen eine Ausbildung an einer HES Genf oder Lausanne anzubieten.<\/p>\n<p> Eine m\u00f6gliche Antwort w\u00e4re sicher, dass ein derartiges Angebot das Kultur- und Konzertleben der Stadt nach wie vor lebendig und urban halten w\u00fcrde. Und zum Kulturaustausch \u00fcber den R\u00f6schtigraben hinweg beitragen w\u00fcrde. <\/span> <span class=\"txt-m-black\">(<em>wb<\/em>)<\/span><\/p>\n<p> <center> <\/p>\n<table style=\"width: 420px;\" summary=\"linie\" border=\"0\" cellspacing=\"0\" cellpadding=\"0\">\n<tbody>\n<tr>\n<td colspan=\"9\" bgcolor=\"#666666\" height=\"1\"><img loading=\"lazy\" decoding=\"async\" src=\"http:\/\/212.60.37.143\/grafiken\/dbrown1x1.gif\" border=\"0\" width=\"1\" height=\"1\" \/><\/td>\n<\/tr>\n<\/tbody>\n<\/table>\n<p> <\/center> <\/p>\n<p><span class=\"txt-s-black\">Der Musikphilosoph Wolfgang B\u00f6hler (M.A.) studierte an der Universit\u00e4t Bern Wissenschaftstheorie, Mathematik und Musikwissenschaft. Er ist Chefredaktor des Codex flores Onlinemagazins.<\/span><\/p>\n","protected":false},"excerpt":{"rendered":"<p>Von Wolfgang B\u00f6hler \u00a0 15.02.2008 &#8212; Nicht nur die Deutschschweizer Ausbildungen von Berufsmusikern sind im Umbruch begriffen (die Stichworte dazu&#8230;<\/p>\n","protected":false},"author":1,"featured_media":0,"comment_status":"open","ping_status":"open","sticky":false,"template":"","format":"standard","meta":{"footnotes":""},"categories":[5],"tags":[],"class_list":["post-383","post","type-post","status-publish","format-standard","hentry","category-editorials","entry"],"_links":{"self":[{"href":"https:\/\/codexflores.ch\/index.php\/wp-json\/wp\/v2\/posts\/383","targetHints":{"allow":["GET"]}}],"collection":[{"href":"https:\/\/codexflores.ch\/index.php\/wp-json\/wp\/v2\/posts"}],"about":[{"href":"https:\/\/codexflores.ch\/index.php\/wp-json\/wp\/v2\/types\/post"}],"author":[{"embeddable":true,"href":"https:\/\/codexflores.ch\/index.php\/wp-json\/wp\/v2\/users\/1"}],"replies":[{"embeddable":true,"href":"https:\/\/codexflores.ch\/index.php\/wp-json\/wp\/v2\/comments?post=383"}],"version-history":[{"count":0,"href":"https:\/\/codexflores.ch\/index.php\/wp-json\/wp\/v2\/posts\/383\/revisions"}],"wp:attachment":[{"href":"https:\/\/codexflores.ch\/index.php\/wp-json\/wp\/v2\/media?parent=383"}],"wp:term":[{"taxonomy":"category","embeddable":true,"href":"https:\/\/codexflores.ch\/index.php\/wp-json\/wp\/v2\/categories?post=383"},{"taxonomy":"post_tag","embeddable":true,"href":"https:\/\/codexflores.ch\/index.php\/wp-json\/wp\/v2\/tags?post=383"}],"curies":[{"name":"wp","href":"https:\/\/api.w.org\/{rel}","templated":true}]}}