{"id":396,"date":"2014-01-11T09:28:51","date_gmt":"2014-01-11T09:28:51","guid":{"rendered":"https:\/\/codexflores.ch\/index.php\/2014\/01\/11\/die-chancen-des-webs-fuer-musiker\/"},"modified":"2014-01-11T09:28:51","modified_gmt":"2014-01-11T09:28:51","slug":"die-chancen-des-webs-fuer-musiker","status":"publish","type":"post","link":"https:\/\/codexflores.ch\/index.php\/2014\/01\/11\/die-chancen-des-webs-fuer-musiker\/","title":{"rendered":"Die Chancen des Webs f\u00fcr Musiker"},"content":{"rendered":"<p><center><em>Von Wolfgang B\u00f6hler<\/em><\/center> <\/p>\n<p><span class=\"txt-m-black\"><span class=\"txt-m-black\">\u00a0<\/span><\/span><\/p>\n<table align=\"left\">\n<tbody>\n<tr>\n<td width=\"70\"><img decoding=\"async\" src=\"http:\/\/212.60.37.143\/bilder\/kolumnewb.jpg\" border=\"0\" \/><\/td>\n<\/tr>\n<\/tbody>\n<\/table>\n<p><span class=\"txt-m-black\">15.08.2008 &#8212; Im September sind es f\u00fcnf Jahre, seit Codex flores online gegangen ist. Von Beginn weg wollte das Magazin das Bewusstsein st\u00e4rken, dass Kunstmusik nicht nur der Entspannung dient, sondern genauso ein \u00fcberaus spannendes Projekt der Erforschung von menschlicher Sinnlichkeit, Emotionalit\u00e4t und Weltwahrnehmung ist. Eine hochklassige Musikkultur darf sich nicht darin ersch\u00f6pfen, als Teil der Luxusg\u00fcter- und Unterhaltungsindustrie Feierabendvergn\u00fcgen und Wohlf\u00fchloasen zu bieten. Vielmehr muss sie sich als Teil eines ernsthaften Strebens nach mehr Wissen \u00fcber die Welt verstehen. Mit den Mitteln der Kulturpolitik muss sie sich die Erf\u00fcllung dieser Aufgabe \u00f6konomisch und gesellschaftlich immer wieder neu erstreiten.<\/p>\n<p> Deutschsprachige Universit\u00e4ten, Fachhochschulen, anspruchsvolle Festivals, Konzertreihen und innovative Unternehmerpers\u00f6nlichkeiten tun in dieser Hinsicht viel. Ihre Aktivit\u00e4ten einem breiteren Publikum n\u00e4herzubringen und damit den \u00f6ffentlichen Dialog anzuregen, ist eines unserer wichtigsten Anliegen. Daneben haben wir uns zum Ziel gesetzt, das Internet als \u00dcberbringer von hochklassigem Journalismus zu erobern. Die zahlreichen positiven R\u00fcckmeldungen, die wir in dem halben Dezennium aus Leserkreisen erhalten haben, und das Vertrauen, das uns unsere Inseratekunden entgegenbringen, zeigen uns: Wir sind damit auf dem richtigen Weg.<\/p>\n<p> In diesem st\u00e4ndigen Dialog haben wir unsere eigenen, dem Web angemessenen Formen der Informationsvermittlung und Kritik entwickelt. Wir haben dabei viele praktische Erfahrungen dar\u00fcber gesammelt, was im Web funktioniert und was nicht und wer in der Musikbranche wie kommuniziert. Auf einigen Gebieten haben uns unsere eigenen Erfahrungen dabei zu andern Schl\u00fcssen kommen lassen als die in trendige Schlagw\u00f6rter wie \u00abWeb 2.0\u00bb oder \u00abCitizen Journalism\u00bb verpackten Mythen \u00fcber Inhalte im Internet. Und wir sehen heute auch immer klarer, wie auf allen Seiten vieles mit ein wenig Aufwand (noch) besser gemacht werden k\u00f6nnte. <\/p>\n<p> Dieser einzigartige Erfahrungsschatz findet sich weder in Lehrb\u00fcchern noch Lehrpl\u00e4nen traditioneller Medien- und Managementausbildungen. Anl\u00e4sslich unseres Jubil\u00e4ums wollen wir unsere wichtigsten Erkenntnisse deshalb im Rahmen einer Tagung weitergeben \u2212 um unseren Kunden und Lesern zu helfen, wirklich tragf\u00e4hige Konzepte f\u00fcr die eigene Nutzung des Webs als Marketing- und Kommunikationskanal zu entwickeln. Der Anlass findet am 11. Oktober 2008 an unserem neuen Redaktionsstandort Solothurn statt \u2212 einer Stadt, die ideal zwischen den Zentren des Schweizer Musiklebens gelegen und deshalb von allen Seiten und auch aus S\u00fcddeutschland schnell erreichbar ist.<\/p>\n<p> Mit von der Partie sind der ausgewiesene Web- und Google-Spezialist Daniel Ritschard, der Medienwissenschaftler Holger Schramm, der sich als Gastherausgeber des m&amp;k-Sonderbands zu Musik und Medien (siehe <a href=\"http:\/\/212.60.37.143\/rezensionen_ind2.php?art=445\">Rezension<\/a>) als versierter Kenner der Materie erwiesen hat, und als Vertreterin der traditionellen Printmedien und der Verbandskommunikation Katrin Spelinova, Chefredaktorin der Schweizer Musikzeitung. Wir hoffen, mit der Tagung die wichtige Br\u00fccke zwischen Musikprofis und Internetszene zu schlagen und einen Ort der Begegnung zu schaffen, an dem der unerl\u00e4ssliche Dialog von Kultur-, Technologie-, Medien- und Marketingspezialisten angeregt wird. D\u00fcrfen wir auch Sie an dem Anlass begr\u00fcssen? <\/span> <span class=\"txt-m-black\">(<em>wb<\/em>)<\/span><\/p>\n<p> <center> <\/p>\n<table style=\"width: 420px;\" summary=\"linie\" border=\"0\" cellspacing=\"0\" cellpadding=\"0\">\n<tbody>\n<tr>\n<td colspan=\"9\" bgcolor=\"#666666\" height=\"1\"><img loading=\"lazy\" decoding=\"async\" src=\"http:\/\/212.60.37.143\/grafiken\/dbrown1x1.gif\" border=\"0\" width=\"1\" height=\"1\" \/><\/td>\n<\/tr>\n<\/tbody>\n<\/table>\n<p> <\/center> <\/p>\n<p><span class=\"txt-s-black\">Der Musikphilosoph Wolfgang B\u00f6hler (M.A.) studierte an der Universit\u00e4t Bern Wissenschaftstheorie, Mathematik und Musikwissenschaft. Er ist Chefredaktor des Codex flores Onlinemagazins.<\/span><\/p>\n","protected":false},"excerpt":{"rendered":"<p>Von Wolfgang B\u00f6hler \u00a0 15.08.2008 &#8212; Im September sind es f\u00fcnf Jahre, seit Codex flores online gegangen ist. Von Beginn&#8230;<\/p>\n","protected":false},"author":1,"featured_media":0,"comment_status":"open","ping_status":"open","sticky":false,"template":"","format":"standard","meta":{"footnotes":""},"categories":[5],"tags":[],"class_list":["post-396","post","type-post","status-publish","format-standard","hentry","category-editorials","entry"],"_links":{"self":[{"href":"https:\/\/codexflores.ch\/index.php\/wp-json\/wp\/v2\/posts\/396","targetHints":{"allow":["GET"]}}],"collection":[{"href":"https:\/\/codexflores.ch\/index.php\/wp-json\/wp\/v2\/posts"}],"about":[{"href":"https:\/\/codexflores.ch\/index.php\/wp-json\/wp\/v2\/types\/post"}],"author":[{"embeddable":true,"href":"https:\/\/codexflores.ch\/index.php\/wp-json\/wp\/v2\/users\/1"}],"replies":[{"embeddable":true,"href":"https:\/\/codexflores.ch\/index.php\/wp-json\/wp\/v2\/comments?post=396"}],"version-history":[{"count":0,"href":"https:\/\/codexflores.ch\/index.php\/wp-json\/wp\/v2\/posts\/396\/revisions"}],"wp:attachment":[{"href":"https:\/\/codexflores.ch\/index.php\/wp-json\/wp\/v2\/media?parent=396"}],"wp:term":[{"taxonomy":"category","embeddable":true,"href":"https:\/\/codexflores.ch\/index.php\/wp-json\/wp\/v2\/categories?post=396"},{"taxonomy":"post_tag","embeddable":true,"href":"https:\/\/codexflores.ch\/index.php\/wp-json\/wp\/v2\/tags?post=396"}],"curies":[{"name":"wp","href":"https:\/\/api.w.org\/{rel}","templated":true}]}}