{"id":409,"date":"2014-01-11T09:36:17","date_gmt":"2014-01-11T09:36:17","guid":{"rendered":"https:\/\/codexflores.ch\/index.php\/2014\/01\/11\/der-bundesrat-schlaegt-logische-purzelbaeume\/"},"modified":"2014-01-11T09:36:17","modified_gmt":"2014-01-11T09:36:17","slug":"der-bundesrat-schlaegt-logische-purzelbaeume","status":"publish","type":"post","link":"https:\/\/codexflores.ch\/index.php\/2014\/01\/11\/der-bundesrat-schlaegt-logische-purzelbaeume\/","title":{"rendered":"Der Bundesrat schl\u00e4gt logische Purzelb\u00e4ume"},"content":{"rendered":"<p><center><em>Von Wolfgang B\u00f6hler<\/em><\/center> <\/p>\n<p><span class=\"txt-m-black\"><span class=\"txt-m-black\">\u00a0<\/span><\/span><\/p>\n<table align=\"left\">\n<tbody>\n<tr>\n<td width=\"70\"><img decoding=\"async\" src=\"http:\/\/212.60.37.143\/bilder\/kolumnewb.jpg\" border=\"0\" \/><\/td>\n<\/tr>\n<\/tbody>\n<\/table>\n<p><span class=\"txt-m-black\">17.02.2009 &#8212; Es ist ersch\u00fctternd, wie begriffsstutzig unsere Landesregierung sein kann, wenn es um das volkswirtschaftliche Potential der Kultur geht. Vor Augen f\u00fchrt uns das einmal mehr die Antwort, die der Bundesrat auf eine Motion des gr\u00fcnen Waadtl\u00e4nder St\u00e4nderates Luc Recordon zustandegebracht hat. Recordon hat angeregt, ein \u00abumfangreiches und rasch umsetzbares Programm zur Unterst\u00fctzung der verschiedenen Kultursparten in der Schweiz auf die Beine zu stellen (die Details dazu finden sich <a href=\"http:\/\/www.parlament.ch\/D\/Suche\/Seiten\/geschaefte.aspx?gesch_id=20083932\" target=\"blank\" rel=\"noopener noreferrer\">hier<\/a> auf den Seiten der Schweizer Parlamente). Es gehe im Moment darum, meint Recordon, mit staatlichen Massnahmen die Konjunktur zu st\u00e4rken. Dazu brauche es 2 bis 4 Prozent des Bruttoninlandproduktes, was f\u00fcr die Schweiz eine Finanzspritze von 8 bis 15 Milliarden Franken bedeute.<\/p>\n<p> Es sei auch klar, dass die Exportwirtschaft unterst\u00fctzt werden m\u00fcsse, die unter der miesen Stimmung auf den Weltm\u00e4rkten am meisten leidet. Allerdings, so Recordon weiter, werde der Kulturbereich regelm\u00e4ssig untersch\u00e4tzt, wenn es darum gehe, \u00f6ffentliche Gelder sinnvoll einzusetzen. Einiges getan werden k\u00f6nne da nicht zuletzt f\u00fcr die Verbesserung der Lebensumst\u00e4nde Kulturschaffender und die internationale Ausstrahlung unserer Kultur.<\/p>\n<p> In seiner Antwort vom 11. Februar stellt der Bundesrat zun\u00e4chst \u2212 wenig \u00fcberraschend \u2212 fest, dass sich die wirtschaftliche Lage derart verschlechtert hat, dass inzwischen von einer weltweiten Rezession gesprochen werden m\u00fcsse. Dann erkl\u00e4rt er, dass er sich, um rasch zu handeln, f\u00fcr ein stufenweises Vorgehen entschieden habe (stufenweises Vorgehen heisst auf gut Schweizerdeutsch \u00abeis nach em andere\u00bb, und das t\u00f6nt nicht gerade nach Schnellzugtempo, aber so will der Bundesrat seine \u00c4usserung ja vermutlich nicht verstanden haben). Dann folgt in der bundesr\u00e4tlichen Erkl\u00e4rung allerdings eine unglaubliche gedankliche Kapriole, die darauf hinausl\u00e4uft, dass man Kultur am einfachsten f\u00f6rdert, indem man \u2212 nein nicht Orchester, Schriftsteller, Gestalter oder Performer \u2212 f\u00f6rdert, sondern <em>die Bauwirtschaft<\/em>.<\/p>\n<p> Dazu hat der Bund n\u00e4mlich seine Ausgaben f\u00fcr Heimatschutz und Denkmalpflege gegen\u00fcber dem Vorjahr um 9 Millionen Franken erh\u00f6ht. Und dadurch wird \u00abdie Auftragslage der auf Denkmalschutz spezialisierten Bauunternehmen positiv beeinflusst\u00bb. Weitere spezifische Konjunkturmassnahmen sieht der Bundesrat deshalb im Kulturbereich \u2212 um das gleich zum Vornherein klarzustellen \u2212 auch im Rahmen eines allf\u00e4lligen zweiten Stabilisierungsprogramms nicht f\u00fcr angezeigt. Nur so f\u00fcr den Fall, dass noch andere R\u00e4te Motionen wie diejenige Recordons im Hinterkopf haben k\u00f6nnten.<\/p>\n<p> Nun wissen wir endlich, welches f\u00fcr den Bundesrat die kulturtragende Branche in der Schweiz ist: <em>die Bauwirtschaft!<\/em> Der Bundesrat ist \u2212 wie man aus der Antwort auf die Argumente Recordons schliessen muss \u2212 der Meinung, die Verbesserung der Lebensumst\u00e4nde Kulturschaffender und die internationale Ausstrahlung unserer Kultur k\u00f6nne mit Auftr\u00e4gen f\u00fcr <em>die Bauwirtschaft<\/em> gel\u00f6st werden.<\/p>\n<p> Der Komponist Max Reger hat sich ja ganz gerne immer mal wieder als \u00abAkkordarbeiter\u00bb bezeichnet. Dass er damit einer ironiefreien Schweizer Landesregierung Argumente f\u00fcr eine neue Architektur der Kulturf\u00f6rderung in die H\u00e4nde spielen k\u00f6nnte, w\u00e4re ihm wohl nicht im Traum in den Sinn gekommen. <\/span> <span class=\"txt-m-black\">(<em>wb<\/em>)<\/span><\/p>\n<p> <center> <\/p>\n<table style=\"width: 420px;\" summary=\"linie\" border=\"0\" cellspacing=\"0\" cellpadding=\"0\">\n<tbody>\n<tr>\n<td colspan=\"9\" bgcolor=\"#666666\" height=\"1\"><img loading=\"lazy\" decoding=\"async\" src=\"http:\/\/212.60.37.143\/grafiken\/dbrown1x1.gif\" border=\"0\" width=\"1\" height=\"1\" \/><\/td>\n<\/tr>\n<\/tbody>\n<\/table>\n<p> <\/center> <\/p>\n<p><span class=\"txt-s-black\">Der Musikphilosoph Wolfgang B\u00f6hler (M.A.) studierte an der Universit\u00e4t Bern Wissenschaftstheorie, Mathematik und Musikwissenschaft. Er ist Chefredaktor des Codex flores Onlinemagazins.<\/span><\/p>\n","protected":false},"excerpt":{"rendered":"<p>Von Wolfgang B\u00f6hler \u00a0 17.02.2009 &#8212; Es ist ersch\u00fctternd, wie begriffsstutzig unsere Landesregierung sein kann, wenn es um das volkswirtschaftliche&#8230;<\/p>\n","protected":false},"author":1,"featured_media":0,"comment_status":"open","ping_status":"open","sticky":false,"template":"","format":"standard","meta":{"footnotes":""},"categories":[5],"tags":[],"class_list":["post-409","post","type-post","status-publish","format-standard","hentry","category-editorials","entry"],"_links":{"self":[{"href":"https:\/\/codexflores.ch\/index.php\/wp-json\/wp\/v2\/posts\/409","targetHints":{"allow":["GET"]}}],"collection":[{"href":"https:\/\/codexflores.ch\/index.php\/wp-json\/wp\/v2\/posts"}],"about":[{"href":"https:\/\/codexflores.ch\/index.php\/wp-json\/wp\/v2\/types\/post"}],"author":[{"embeddable":true,"href":"https:\/\/codexflores.ch\/index.php\/wp-json\/wp\/v2\/users\/1"}],"replies":[{"embeddable":true,"href":"https:\/\/codexflores.ch\/index.php\/wp-json\/wp\/v2\/comments?post=409"}],"version-history":[{"count":0,"href":"https:\/\/codexflores.ch\/index.php\/wp-json\/wp\/v2\/posts\/409\/revisions"}],"wp:attachment":[{"href":"https:\/\/codexflores.ch\/index.php\/wp-json\/wp\/v2\/media?parent=409"}],"wp:term":[{"taxonomy":"category","embeddable":true,"href":"https:\/\/codexflores.ch\/index.php\/wp-json\/wp\/v2\/categories?post=409"},{"taxonomy":"post_tag","embeddable":true,"href":"https:\/\/codexflores.ch\/index.php\/wp-json\/wp\/v2\/tags?post=409"}],"curies":[{"name":"wp","href":"https:\/\/api.w.org\/{rel}","templated":true}]}}