{"id":414,"date":"2014-01-11T09:38:52","date_gmt":"2014-01-11T09:38:52","guid":{"rendered":"https:\/\/codexflores.ch\/index.php\/2014\/01\/11\/wenn-journalisten-keine-fragen-mehr-stellen\/"},"modified":"2014-01-11T09:38:52","modified_gmt":"2014-01-11T09:38:52","slug":"wenn-journalisten-keine-fragen-mehr-stellen","status":"publish","type":"post","link":"https:\/\/codexflores.ch\/index.php\/2014\/01\/11\/wenn-journalisten-keine-fragen-mehr-stellen\/","title":{"rendered":"Wenn Journalisten keine Fragen mehr stellen"},"content":{"rendered":"<p><center><em>Von Wolfgang B\u00f6hler<\/em><\/center> <\/p>\n<p><span class=\"txt-m-black\"><span class=\"txt-m-black\">\u00a0<\/span><\/span><\/p>\n<table align=\"left\">\n<tbody>\n<tr>\n<td width=\"70\"><img decoding=\"async\" src=\"http:\/\/212.60.37.143\/bilder\/kolumnewb.jpg\" border=\"0\" \/><\/td>\n<\/tr>\n<\/tbody>\n<\/table>\n<p><span class=\"txt-m-black\">08.05.2009 &#8212; Nach aussen hin vermitteln die Medien den Eindruck l\u00e4rmiger Gesch\u00e4ftigkeit, nicht endenwollender Emp\u00f6rung und vorwitziger Provokationen. Wenn man aber ein wenig hinter die Kulissen schaut, dann sieht das ganz anders aus: Die Medien sind nicht laut, nicht einmal vorlaut. Sie sind in Tat und Wahrheit verstummt. Offenbar schreiben Kulturjournalisten heute lieber Kolumnen, in denen sie ihre pers\u00f6nliche Befindlichkeit bis in die feinsten Details ausleuchten, anstatt Fakten zu sammeln, unangenehme Fragen zu stellen und Missst\u00e4nde in Kulturleben und -politik zu analysieren. Und das ist ziemlich bedenklich.<\/p>\n<p> Es ist wieder die Zeit, in der Konzertveranstalter landauf und landab ihre Programme der kommenden Saison vorstellen. Das hat in den vergangenen Wochen unter vielen andern die Z\u00fcrcher Tonhalle getan; zum Schluss blickt Intendant Elmar Weingarten fast flehend in die Runde der anwesenden Journalisten und bittet um Fragen. Dr\u00f6hnendes Schweigen (eine eher belanglose Frage kommt dann doch noch, man muss aber vermuten, dass dem Frager, einem renommierten Kritiker einer nicht minder renommierten Schweizer Tageszeitung, das Schweigen peinlich geworden ist und er f\u00fcr seine Kolleginnen und Kollegen in die Bresche springt).<\/p>\n<p> Weingarten kann es fast nicht glauben und tut dies auch kund. Vermutlich hat er sich auf Verrisse, kritische Fangfragen und emotionale Angriffe vorbereitet. Immerhin hat die Tonhalle Wochen zuvor ihren kaufm\u00e4nnischen Direktor gefeuert, und sie steht wegen der verlorenen Abstimmung ums Kongresshaus vor einer ungewissen Zukunft. Vom Saisonprogramm gar nicht zu reden. Eben: nichts zu reden gibt&#8217;s.<\/p>\n<p> Dasselbe Spielchen in Bern bei der Pr\u00e4sentation des Saisonprogramms des Berner Symphonieorchesters, das auf der nicht einfachen Suche nach einem neuen Chefdirigenten ist und ein ungel\u00f6stes Problem mit dem Operndienst im Stadttheater hat. Keiner bohrt nach. An andern der j\u00e4hrlichen Treffs von Medien und Kulturinstitutionen: das gleiche Bild. <\/p>\n<p> Bei der Pr\u00e4sentation der kommenden Saison im Z\u00fcrcher Opernhaus \u2013 man err\u00e4t&#8217;s \u2013 sieht sich auch Intendant Alexander Pereira eher verbl\u00fcfft einer schweigenden Wand recht zahlreich aufmarschierter Journalisten gegen\u00fcber, selbst nachdem er zum Schluss fast melodramatisch extra noch eine politische Bombe platzen l\u00e4sst \u2013 mit der Ank\u00fcndigung eines Auftrittes der Z\u00fcrcher Oper in Pal\u00e4stina, mitten in den angespannten diplomatischen Beziehungen zwischen der Schweiz und Israel.<\/p>\n<p> Das f\u00e4llt nun sogar der Berichterstatterin der \u00abNeuen Z\u00fcrcher Zeitung\u00bb auf. Sie schreibt in ihrem Artikel: \u00abEinmalig war aber auch der Abschluss der j\u00fcngsten Medienkonferenz im Opernhaus: keine einzige Wortmeldung oder Frage aus dem Journalistenkreis.\u00bb Wenn das sogar ein im Alltagsgesch\u00e4ft ganz und gar nicht auf Nabelschau erpichtes Qualit\u00e4tsblatt bemerkenswert findet, dann, ja dann haben wir vermutlich wirklich ein echtes Problem.<\/p>\n<p> Wie gesagt: Die Medien l\u00e4rmen bloss vordergr\u00fcndig, hinter den Kulissen bleiben sie immer h\u00e4ufiger stumm. Wenn man die Reaktionen ihrer Ansprechpartner sieht, muss man sagen: Irgendwie sind sie ohne Not verstummt. Es hat sie keiner zum Schweigen gebracht, im Gegenteil, ihre Gegen\u00fcber w\u00e4ren froh, wenn sie eine Reaktion s\u00e4hen auf ihre Taten (und Untaten).<\/p>\n<p> Woran es liegt? Wir h\u00e4tten da ein paar Vermutungen, aber ehrlich gesagt: Wir hocken lieber aufs Maul. Keine Fragen. Schliesslich haben wir noch einen Nachhauseweg. <\/span> <span class=\"txt-m-black\">(<em>cf<\/em>)<\/span><\/p>\n<p> <center> <\/p>\n<table style=\"width: 420px;\" summary=\"linie\" border=\"0\" cellspacing=\"0\" cellpadding=\"0\">\n<tbody>\n<tr>\n<td colspan=\"9\" bgcolor=\"#666666\" height=\"1\"><img loading=\"lazy\" decoding=\"async\" src=\"http:\/\/212.60.37.143\/grafiken\/dbrown1x1.gif\" border=\"0\" width=\"1\" height=\"1\" \/><\/td>\n<\/tr>\n<\/tbody>\n<\/table>\n<p> <\/center> <\/p>\n<p><span class=\"txt-s-black\">Der Musikphilosoph Wolfgang B\u00f6hler (M.A.) studierte an der Universit\u00e4t Bern Wissenschaftstheorie, Mathematik und Musikwissenschaft. Er ist Chefredaktor des Codex flores Onlinemagazins.<\/span><\/p>\n","protected":false},"excerpt":{"rendered":"<p>Von Wolfgang B\u00f6hler \u00a0 08.05.2009 &#8212; Nach aussen hin vermitteln die Medien den Eindruck l\u00e4rmiger Gesch\u00e4ftigkeit, nicht endenwollender Emp\u00f6rung und&#8230;<\/p>\n","protected":false},"author":1,"featured_media":0,"comment_status":"open","ping_status":"open","sticky":false,"template":"","format":"standard","meta":{"footnotes":""},"categories":[5],"tags":[],"class_list":["post-414","post","type-post","status-publish","format-standard","hentry","category-editorials","entry"],"_links":{"self":[{"href":"https:\/\/codexflores.ch\/index.php\/wp-json\/wp\/v2\/posts\/414","targetHints":{"allow":["GET"]}}],"collection":[{"href":"https:\/\/codexflores.ch\/index.php\/wp-json\/wp\/v2\/posts"}],"about":[{"href":"https:\/\/codexflores.ch\/index.php\/wp-json\/wp\/v2\/types\/post"}],"author":[{"embeddable":true,"href":"https:\/\/codexflores.ch\/index.php\/wp-json\/wp\/v2\/users\/1"}],"replies":[{"embeddable":true,"href":"https:\/\/codexflores.ch\/index.php\/wp-json\/wp\/v2\/comments?post=414"}],"version-history":[{"count":0,"href":"https:\/\/codexflores.ch\/index.php\/wp-json\/wp\/v2\/posts\/414\/revisions"}],"wp:attachment":[{"href":"https:\/\/codexflores.ch\/index.php\/wp-json\/wp\/v2\/media?parent=414"}],"wp:term":[{"taxonomy":"category","embeddable":true,"href":"https:\/\/codexflores.ch\/index.php\/wp-json\/wp\/v2\/categories?post=414"},{"taxonomy":"post_tag","embeddable":true,"href":"https:\/\/codexflores.ch\/index.php\/wp-json\/wp\/v2\/tags?post=414"}],"curies":[{"name":"wp","href":"https:\/\/api.w.org\/{rel}","templated":true}]}}