{"id":415,"date":"2014-01-11T09:39:20","date_gmt":"2014-01-11T09:39:20","guid":{"rendered":"https:\/\/codexflores.ch\/index.php\/2014\/01\/11\/deutschland-unterstuetzt-arbeitslose-kuenstler\/"},"modified":"2014-01-11T09:39:20","modified_gmt":"2014-01-11T09:39:20","slug":"deutschland-unterstuetzt-arbeitslose-kuenstler","status":"publish","type":"post","link":"https:\/\/codexflores.ch\/index.php\/2014\/01\/11\/deutschland-unterstuetzt-arbeitslose-kuenstler\/","title":{"rendered":"Deutschland unterst\u00fctzt arbeitslose K\u00fcnstler"},"content":{"rendered":"<p><center><em>Von Wolfgang B\u00f6hler<\/em><\/center> <\/p>\n<p><span class=\"txt-m-black\"><span class=\"txt-m-black\">\u00a0<\/span><\/span><\/p>\n<table align=\"left\">\n<tbody>\n<tr>\n<td width=\"70\"><img decoding=\"async\" src=\"http:\/\/212.60.37.143\/bilder\/kolumnewb.jpg\" border=\"0\" \/><\/td>\n<\/tr>\n<\/tbody>\n<\/table>\n<p><span class=\"txt-m-black\">22.05.2009 &#8212; Die Schweizer Bundespolitiker haben bislang erkl\u00e4rt, sie m\u00f6chten das Thema der sozialen Sicherheit von Kulturschaffenden nicht im Rahmen des geplanten Kulturf\u00f6rderungsgesetzes abhandeln; sie haben aber durchs Band weg versichert, dass sie das Problem in anderer Form angehen werden. Nun denn, jetzt gibt\u2019s Gelegenheit dazu. Deutschland macht&#8217;s vor. Das Bundeskabinett unseres n\u00f6rdlichen Nachbarn hat beschlossen, dass Schauspieler, Musiker und andere Besch\u00e4ftigte der Kulturbranche nur noch sechs Monate statt wie bisher ein Jahr lang besch\u00e4ftigt gewesen sein m\u00fcssen, um Anspruch auf Arbeitslosengelder zu haben.<\/p>\n<p> Die Sonderregelung gilt nur f\u00fcr Personen, deren Jahreseinkommen im Schnitt nicht \u00fcber 30&#8217;240 Euro liegt. Die Bezugsdauer bleibt dabei gestaffelt. Wer sechs Monate gearbeitet hat, hat Anspruch auf drei Monate Unterst\u00fctzung, nach acht Monaten erh\u00f6ht sich der Anspruch auf vier, nach zehn auf f\u00fcnf Monate. <\/p>\n<p> In der Schweiz gilt die Regel, dass die ersten dreissig Kalendertage einer befristeten Anstellung im Falle atypischer Besch\u00e4ftigungsverh\u00e4ltnisse, wie sie im Kulturbetrieb \u00fcblich sind, zur Berechnung des Anspruchs doppelt z\u00e4hlen. Zudem macht die Schweiz Konzessionen, wenn es um die Berechnung des Durchschnittseinkommens geht: Da wird der durchschnittliche Verdienst der letzten sechs oder zw\u00f6lf Monate vor Eintritt der Arbeitslosigkeit als Basis genommen, und zwar die h\u00f6here der beiden Zahlen.<\/p>\n<p> Die neue Regelung in Deutschland ist mit Blick auf die Schweiz interessant, weil die Enquete-Kommission \u00abKultur in Deutschland\u00bb des Deutschen Bundestages vor einigen Jahren die Regelung von uns Eidgenossen sehr positiv bewertet und dem Bundestag die \u00dcbernahme des \u00abSchweizer Modells\u00bb in Deutschland empfohlen hat. Nun geht die Deutsche Bundespolitik sogar dar\u00fcber hinaus.<\/p>\n<p> Das t\u00f6nt nat\u00fcrlich so, als ob in den Gegenden n\u00f6rdlich von Schaffhausen und Basel im Vergleich zum knausrigen Helvetien paradiesische Zust\u00e4nde herrschen w\u00fcrden. Zu behaupten, die deutschen Kulturschaffenden seien materiell besser gebettet als die schweizerischen, d\u00fcrfte allerdings naiv sein. Die Schweizer K\u00fcnstler profitieren vermutlich nach wie vor mehr von hierzulande h\u00f6herem Lebensstandard, h\u00f6heren Entsch\u00e4digungen f\u00fcr ihre Arbeit und einem solideren \u00f6ffentlichen sozialen Netz \u2013 trotz fehlender K\u00fcnstlersozialkasse, wie sie in Deutschland Realit\u00e4t ist. Schweizer AHV und Erg\u00e4nzungsleistungen werfen unter dem Strich vermutlich mehr ab als Hartz IV.<\/p>\n<p> Die neue deutsche Regelung hat vielmehr symbolischen Charakter. Nachdem man hierzulande immer noch dar\u00fcber staunen kann, dass f\u00fcr den Bundesrat das h\u00f6chste der Gef\u00fchle in Sachen Support f\u00fcr die Kultur Investitionen in die Bauwirtschaft sind (siehe dazu <a href=\"http:\/\/212.60.37.143\/editorials.php?art=519\">dieses<\/a> Editorial), wird in Berlin ein Zeichen gesetzt. Da herrscht offenbar eher die Einsicht, dass die Kreativen einen wichtigen Beitrag zur Wirtschaft leisten und damit Anspruch darauf haben, dass man ihnen materiell unter die Arme greift, wenn&#8217;s mal nicht so gut l\u00e4uft. <\/span> <span class=\"txt-m-black\">(<em>wb<\/em>)<\/span><\/p>\n<p> <center> <\/p>\n<table style=\"width: 420px;\" summary=\"linie\" border=\"0\" cellspacing=\"0\" cellpadding=\"0\">\n<tbody>\n<tr>\n<td colspan=\"9\" bgcolor=\"#666666\" height=\"1\"><img loading=\"lazy\" decoding=\"async\" src=\"http:\/\/212.60.37.143\/grafiken\/dbrown1x1.gif\" border=\"0\" width=\"1\" height=\"1\" \/><\/td>\n<\/tr>\n<\/tbody>\n<\/table>\n<p> <\/center> <\/p>\n<p><span class=\"txt-s-black\">Der Musikphilosoph Wolfgang B\u00f6hler (M.A.) studierte an der Universit\u00e4t Bern Wissenschaftstheorie, Mathematik und Musikwissenschaft. Er ist Chefredaktor des Codex flores Onlinemagazins.<\/span><\/p>\n","protected":false},"excerpt":{"rendered":"<p>Von Wolfgang B\u00f6hler \u00a0 22.05.2009 &#8212; Die Schweizer Bundespolitiker haben bislang erkl\u00e4rt, sie m\u00f6chten das Thema der sozialen Sicherheit von&#8230;<\/p>\n","protected":false},"author":1,"featured_media":0,"comment_status":"open","ping_status":"open","sticky":false,"template":"","format":"standard","meta":{"footnotes":""},"categories":[5],"tags":[],"class_list":["post-415","post","type-post","status-publish","format-standard","hentry","category-editorials","entry"],"_links":{"self":[{"href":"https:\/\/codexflores.ch\/index.php\/wp-json\/wp\/v2\/posts\/415","targetHints":{"allow":["GET"]}}],"collection":[{"href":"https:\/\/codexflores.ch\/index.php\/wp-json\/wp\/v2\/posts"}],"about":[{"href":"https:\/\/codexflores.ch\/index.php\/wp-json\/wp\/v2\/types\/post"}],"author":[{"embeddable":true,"href":"https:\/\/codexflores.ch\/index.php\/wp-json\/wp\/v2\/users\/1"}],"replies":[{"embeddable":true,"href":"https:\/\/codexflores.ch\/index.php\/wp-json\/wp\/v2\/comments?post=415"}],"version-history":[{"count":0,"href":"https:\/\/codexflores.ch\/index.php\/wp-json\/wp\/v2\/posts\/415\/revisions"}],"wp:attachment":[{"href":"https:\/\/codexflores.ch\/index.php\/wp-json\/wp\/v2\/media?parent=415"}],"wp:term":[{"taxonomy":"category","embeddable":true,"href":"https:\/\/codexflores.ch\/index.php\/wp-json\/wp\/v2\/categories?post=415"},{"taxonomy":"post_tag","embeddable":true,"href":"https:\/\/codexflores.ch\/index.php\/wp-json\/wp\/v2\/tags?post=415"}],"curies":[{"name":"wp","href":"https:\/\/api.w.org\/{rel}","templated":true}]}}