{"id":423,"date":"2014-01-11T09:45:10","date_gmt":"2014-01-11T09:45:10","guid":{"rendered":"https:\/\/codexflores.ch\/index.php\/2014\/01\/11\/pro-helvetia-sucht-die-kulturpolitik-debatte\/"},"modified":"2014-01-11T09:45:10","modified_gmt":"2014-01-11T09:45:10","slug":"pro-helvetia-sucht-die-kulturpolitik-debatte","status":"publish","type":"post","link":"https:\/\/codexflores.ch\/index.php\/2014\/01\/11\/pro-helvetia-sucht-die-kulturpolitik-debatte\/","title":{"rendered":"Pro Helvetia sucht die Kulturpolitik-Debatte"},"content":{"rendered":"<p><center><em>Von Wolfgang B\u00f6hler<\/em><\/center> <\/p>\n<p><span class=\"txt-m-black\"><span class=\"txt-m-black\">\u00a0<\/span><\/span><\/p>\n<table align=\"left\">\n<tbody>\n<tr>\n<td width=\"70\"><img decoding=\"async\" src=\"http:\/\/212.60.37.143\/bilder\/kolumnewb.jpg\" border=\"0\" \/><\/td>\n<\/tr>\n<\/tbody>\n<\/table>\n<p><span class=\"txt-m-black\">11.09.2009 &#8212; Der Nationalrat hat diese Woche in Differenz zum St\u00e4nderat die Absicht bekr\u00e4ftigt, im Kulturf\u00f6rderungsgesetz der Pro Helvetia volle Autonomie zu gew\u00e4hren. Das heisst, er will der nationalen Kulturstiftung die Definition ihrer Strategie selber \u00fcberlassen. Keine Chance hatte ein Minderheitsantrag von Seiten der b\u00fcrgerlichen Mitteparteien, angef\u00fchrt vom Z\u00fcrcher FDP.Die Liberalen-Mann Ruedi Noser. Er beantragte, die Strategie-Kompetenz wie vom St\u00e4nderat beabsichtigt dem Bundesrat zu \u00fcbertragen, den entsprechenden Artikel aber um den folgenden Passus zu erg\u00e4nzen: \u00abDer Bundesrat achtet dabei auf die operative und k\u00fcnstlerische Freiheit\u00bb. Noser hat laut Ratsprotokoll erkl\u00e4rt, er k\u00f6nne dem Rat \u00abversichern, dass (&#8230;) die Kultur- und Kunstschaffenden mit diesem Minderheitsantrag sehr gut leben\u00bb k\u00f6nnten. Es ist ja nicht das erste Mal, dass er sich selber zum Sprachrohr der \u00abKultur- und Kunstschaffenden\u00bb macht. Schon als es um die Einf\u00fchrung eines Kulturrates ging, gab Noser sich \u00fcberzeugt, dass dies eine Forderung \u00abvon etwas \u00e4lteren Kulturschaffenden\u00bb sei, denn junge Kulturschaffende w\u00fcssten, dass die Meinungsbildung \u00fcber Kultur nicht \u00fcber einen Kulturrat zu geschehen habe.<\/p>\n<p> Man m\u00f6chte ja wissen, woher der IT-Unternehmer \u00fcber die Befindlichkeit der Kulturschaffenden so genau im Bild ist und wer in der Kulturszene seine Einfl\u00fcsterer sind (\u00fcbrigens sieht die Innovationsstrategie der FDP.Die Liberalen, die Noser speziell am Herzen liegt, die Einf\u00fchrung eines Innovationsrates vor \u2013 Kulturschaffenden trauen die Freisinnigen wohl bloss eitles Palaver zu, wohingegen Ingenieure, die sich an den Runden Tisch setzen, in ihren Augen selbstverst\u00e4ndlich in der Lage sind, dies bloss zum Wohl des Landes zu tun). Wie&#8217;s in Sachen Pro-Helvetia-Autonomie weitergeht, liegt nun wieder in den H\u00e4nden der St\u00e4nder\u00e4te.<\/p>\n<p> Pro Helvetia hat \u2013 etwas sp\u00e4t, denn das Kulturf\u00f6rderungsgesetz ist in den R\u00e4ten ja mitterweile praktisch durch \u2013 ein Programm gestartet, mit dem der Dialog zwischen Kultur und Politik angeregt werden soll. Dabei finden unter dem Motto \u00abM\u00e9nage \u2013 Kultur und Politik zu Tisch\u00bb in den kommenden zwei Jahren in verschiedenen St\u00e4dten Debatten zu lokalen Themen der Kulturpolitik statt, die f\u00fcr den nationalen Diskurs exemplarischen Charakter haben (kommende Stationen sind Aarau, Bellinzona und St. Gallen). Zum Programm geh\u00f6rt unter dem Titel \u00abHelvetia Park\u00bb auch eine Wanderausstellung, die zur Zeit in vollem Umfang im Neuenburger Mus\u00e9e d&#8217;ethnographie zu sehen ist (<a href=\"http:\/\/www.men.ch\/helvetia_park\" target=\"blank\" rel=\"noopener noreferrer\">www.men.ch\/helvetia_park<\/a>).<\/p>\n<p> Da wird das Gerangel der unterschiedlichen Kulturformen als Putschauto-Karambolagen inszeniert, und fr\u00fchere Kunstskandale \u2013 Holders Marignano-Bild, Sennentuntschi im Fernsehen, Hirschhorn-Aff\u00e4re etc. &#8211; als gf\u00fcrchige Geisterbahn. Mit B\u00e4llen lassen sich S\u00fcndenb\u00f6cke abschiessen, und ein Karussell l\u00e4sst ewig wiederkehrende Kulturanl\u00e4sse im Kreis tanzen. Eine ziemlich vergn\u00fcgliche Sache. Die Attraktionen lassen sich \u00fcbrigens mit eigens f\u00fcr die Ausstellung kreierten M\u00fcnzen (herzallerliebsten, goldigen \u00abHeidis\u00bb) aktivieren, die in der Ausstellung abgegeben werden und vermutlich in manchen Hosentaschen beim Verlassen der Ausstellung zum Devisenschmuggel-Souvenir werden.<\/p>\n<p> Die Debatten begleitet Pro Helvetia mit einem weiterf\u00fchrenden Blog. Offizielle Blogger sind der freie Journalist Andrea Tognina, Christine Salvad\u00e9 von der Welschschweizer Tageszeitung Le Temps und \u2013 meine Wenigkeit. Die Einladung zur Partizipation an dem Programm hat mich in nicht geringem Masse erstaunt, bin ich der Pro Helvetia und ihrem Direktor Pius Kn\u00fcsel publizistisch doch schon einige Male auf die F\u00fcsse getreten. Kn\u00fcsel hat in einem zuf\u00e4lligen Gespr\u00e4ch am Rande der Pressekonferenz zur Er\u00f6ffnung des \u00abHelvetia Park\u00bb in Neuenburg erkl\u00e4rt, ich sei in der Schweiz halt einer der wenigen noch \u00fcbriggebliebenen Polemiker auf diesem Gebiet. Das hat mich erst recht erstaunt, denn von Natur aus bin ich alles andere als polemisch veranlagt. Wenn man politisch relevante Themen allerdings jahrelang n\u00fcchtern und sachlich darzulegen versucht und dabei die Erfahrung macht, dass kein Sch&#8230; davon Notiz nimmt, wird man aus purer Verzweiflung zum verbalen Scharfsch\u00fctzen. <\/p>\n<p> Der Blog mit meinem ersten Beitrag \u2013 Gedanken zur ersten Debatte, die in Neuenburg zwischen der Konservatorin des Kunstmuseums La Chaux de Fonds Lada Umst\u00e4tter und dem FDP.Die Liberalen-Sekret\u00e4r Mathieu Erb stattgefunden hat, findet sich im Web unter: <a href=\"http:\/\/www.menage-carnotzet.ch\" target=\"blank\" rel=\"noopener noreferrer\">www.menage-carnotzet.ch<\/a>. Rege Teilnahme aller Interessierten am Blog ist nat\u00fcrlich von allen Seiten erw\u00fcnscht. <\/span> <span class=\"txt-m-black\">(<em>wb<\/em>)<\/span><\/p>\n<p> <center> <\/p>\n<table style=\"width: 420px;\" summary=\"linie\" border=\"0\" cellspacing=\"0\" cellpadding=\"0\">\n<tbody>\n<tr>\n<td colspan=\"9\" bgcolor=\"#666666\" height=\"1\"><img loading=\"lazy\" decoding=\"async\" src=\"http:\/\/212.60.37.143\/grafiken\/dbrown1x1.gif\" border=\"0\" width=\"1\" height=\"1\" \/><\/td>\n<\/tr>\n<\/tbody>\n<\/table>\n<p> <\/center> <\/p>\n<p><span class=\"txt-s-black\">Der Musikphilosoph Wolfgang B\u00f6hler (M.A.) studierte an der Universit\u00e4t Bern Wissenschaftstheorie, Mathematik und Musikwissenschaft. Er ist Chefredaktor des Codex flores Onlinemagazins.<\/span><\/p>\n","protected":false},"excerpt":{"rendered":"<p>Von Wolfgang B\u00f6hler \u00a0 11.09.2009 &#8212; Der Nationalrat hat diese Woche in Differenz zum St\u00e4nderat die Absicht bekr\u00e4ftigt, im Kulturf\u00f6rderungsgesetz&#8230;<\/p>\n","protected":false},"author":1,"featured_media":0,"comment_status":"open","ping_status":"open","sticky":false,"template":"","format":"standard","meta":{"footnotes":""},"categories":[5],"tags":[],"class_list":["post-423","post","type-post","status-publish","format-standard","hentry","category-editorials","entry"],"_links":{"self":[{"href":"https:\/\/codexflores.ch\/index.php\/wp-json\/wp\/v2\/posts\/423","targetHints":{"allow":["GET"]}}],"collection":[{"href":"https:\/\/codexflores.ch\/index.php\/wp-json\/wp\/v2\/posts"}],"about":[{"href":"https:\/\/codexflores.ch\/index.php\/wp-json\/wp\/v2\/types\/post"}],"author":[{"embeddable":true,"href":"https:\/\/codexflores.ch\/index.php\/wp-json\/wp\/v2\/users\/1"}],"replies":[{"embeddable":true,"href":"https:\/\/codexflores.ch\/index.php\/wp-json\/wp\/v2\/comments?post=423"}],"version-history":[{"count":0,"href":"https:\/\/codexflores.ch\/index.php\/wp-json\/wp\/v2\/posts\/423\/revisions"}],"wp:attachment":[{"href":"https:\/\/codexflores.ch\/index.php\/wp-json\/wp\/v2\/media?parent=423"}],"wp:term":[{"taxonomy":"category","embeddable":true,"href":"https:\/\/codexflores.ch\/index.php\/wp-json\/wp\/v2\/categories?post=423"},{"taxonomy":"post_tag","embeddable":true,"href":"https:\/\/codexflores.ch\/index.php\/wp-json\/wp\/v2\/tags?post=423"}],"curies":[{"name":"wp","href":"https:\/\/api.w.org\/{rel}","templated":true}]}}