{"id":424,"date":"2014-01-11T09:45:45","date_gmt":"2014-01-11T09:45:45","guid":{"rendered":"https:\/\/codexflores.ch\/index.php\/2014\/01\/11\/das-bak-und-der-perfekte-satz\/"},"modified":"2014-01-11T09:45:45","modified_gmt":"2014-01-11T09:45:45","slug":"das-bak-und-der-perfekte-satz","status":"publish","type":"post","link":"https:\/\/codexflores.ch\/index.php\/2014\/01\/11\/das-bak-und-der-perfekte-satz\/","title":{"rendered":"Das BAK und der perfekte Satz"},"content":{"rendered":"<p><center><em>on Wolfgang B\u00f6hler<\/em><\/center> <\/p>\n<p><span class=\"txt-m-black\"><span class=\"txt-m-black\">\u00a0<\/span><\/span><\/p>\n<table align=\"left\">\n<tbody>\n<tr>\n<td width=\"70\"><img decoding=\"async\" src=\"http:\/\/212.60.37.143\/bilder\/kolumnewb.jpg\" border=\"0\" \/><\/td>\n<\/tr>\n<\/tbody>\n<\/table>\n<p><span class=\"txt-m-black\">05.05.2009 &#8212; Am Schweizer Medienforschungstag ist am 8. September im Z\u00fcrcher Technopark ein neues Instrument der Medienplanung vorgestellt worden, eine Datenbank der Wemf AG f\u00fcr Werbemedienforschung namens \u00abMA Sponsoring\u00bb. Die Datenbanken der Wemf sind so etwas wie die Bibel der Werbewirtschaft. Auf ihrer Basis werden Marketingpl\u00e4ne erstellt und Werbebuchungen geplant. Werbem\u00f6glichkeiten, die von der Wemf nicht aufgelistet werden, existieren f\u00fcr die Werbewirtschaft im Grunde genommen nicht. Dank der \u00abMA Sponsoring\u00bb kann in Hinblick auf eine bestimmte Sportart, Kulturform oder sogar Sponsoringplattform \u00abdie Affinit\u00e4t einer Zielgruppe, einer Marke oder eines Mediums zu einer sponsoringrelevanten Dimension bestimmt werden\u00bb. Die \u00abMA Sponsoring\u00bb macht Sponsoring erstmals wirklich planbar.<\/p>\n<p> In seinem Referat zum neusten Wemf-Angebot machte der Initiant der Datenbank, der Sponsoring-Spezialist Jean-Baptiste Felten, in Z\u00fcrich die Bemerkung, dass das Bundesamt f\u00fcr Sport die Pilotstudie unterst\u00fctzt habe, nicht aber das Bundesamt f\u00fcr Kultur (BAK). Die Folge: Im Gegensatz zu spezifischen Sportanl\u00e4ssen finden sich in der Datenbank keine namentlich genannten Kulturevents, womit ein entscheidendes Marketinginstrument f\u00fcr letztere fehlt. <\/p>\n<p> Nun propagiert das BAK mit Werkzeugen wie \u00abSucces Cinema\u00bb und einer positiven Einstellung zur privatwirtschaftlich mitfinanzierten Welt von Glanz &amp; Gloria eine Philosophie, die Kulturschaffende zur aktiven Mithilfe bei der Suche nach finanziellen Mitteln ermuntert. Da stellt man sich nat\u00fcrlich die Frage, weshalb ausgerechnet die strategisch so wichtige Datenbank der Wemf nicht mitgetragen wird. <\/p>\n<p> Beantworten, dachten wir uns, kann die Frage nur das BAK selber, respektive dessen verantwortlicher Direktor Jean-Fr\u00e9d\u00e9ric Jauslin, weshalb wir denn ihn via E-Mail um Kl\u00e4rung des Sachverhaltes gebeten haben.<\/p>\n<p> Wir haben uns auf eine prompte Antwort gefreut, denn das BAK hat ja bereits die Anfrage der Wemf abschl\u00e4gig beschieden, muss sich also etwas dabei gedacht und die Gr\u00fcnde daf\u00fcr auch dargelegt haben. Zudem hat die Bundesverwaltung in Sachen \u00d6ffentlichkeitsarbeit in letzter Zeit massiv zugelegt (was vor einigen Jahren schon zu kritischen Fragen in Sachen Kosten gef\u00fchrt hat \u2013 in seiner Antwort auf die Motion Weyeneth vom 4. Oktober 2001 schrieb der Bundesrat, der B\u00fcrger habe heute halt \u00abberechtigte Anspr\u00fcche auf breit gef\u00e4cherte, bed\u00fcrfnisgerechte Informationen und Dokumentationen\u00bb).<\/p>\n<p> Nach mehrfachem Nachhaken erkl\u00e4rt uns eine freundliche Medienverantwortliche am Telefon nach einer Woche, es werde eine Antwort geben, wir m\u00fcssten uns allerdings noch ein paar Tage gedulden. Wir k\u00f6nnen daraus nur einen Schluss ziehen: Wenn\u2019s nicht die Geschwindigkeit einer Reaktion auf eine relative einfache Anfrage ist, welche die informationspolitische Aufr\u00fcstung der Bundesverwaltung im Auge gehabt hat, dann muss es die Perfektion der Antwort sein. Ehrf\u00fcrchtig und ger\u00fchrt stellen wir uns vor, wie Herr Jauslin und sein Stab an den Informationen und Dokumentationen zur Antwort feilt, tagelang in sich geht, nachbessert, abw\u00e4gt, bed\u00fcrfnisgerecht streicht und breit gef\u00e4chert umschreibt, um zur optimalen Formulierung zu gelangen. <\/p>\n<p> Nach <em>zwei Wochen<\/em> haben wir die mit steigender Spannung erwartete Antwort im virtuellen Postfach. Das von Direktor Jauslin unterzeichnete Mail besteht im Wesentlichen aus einer Zeile: \u00abAus finanziellen Gr\u00fcnden war das Bundesamt f\u00fcr Kultur leider nicht in der Lage, Herrn Felten eine positive Antwort zu geben\u00bb. Das muss er sein, <em>der perfekte Satz<\/em>. Danke! Danke!! liebes Bundesamt f\u00fcr Kultur. <\/span> <span class=\"txt-m-black\">(<em>cf<\/em>)<\/span><\/p>\n<p> <center> <\/p>\n<table style=\"width: 420px;\" summary=\"linie\" border=\"0\" cellspacing=\"0\" cellpadding=\"0\">\n<tbody>\n<tr>\n<td colspan=\"9\" bgcolor=\"#666666\" height=\"1\"><img loading=\"lazy\" decoding=\"async\" src=\"http:\/\/212.60.37.143\/grafiken\/dbrown1x1.gif\" border=\"0\" width=\"1\" height=\"1\" \/><\/td>\n<\/tr>\n<\/tbody>\n<\/table>\n<p> <\/center> <\/p>\n<p><span class=\"txt-s-black\">Der Musikphilosoph Wolfgang B\u00f6hler (M.A.) studierte an der Universit\u00e4t Bern Wissenschaftstheorie, Mathematik und Musikwissenschaft. Er ist Chefredaktor des Codex flores Onlinemagazins.<\/span><\/p>\n","protected":false},"excerpt":{"rendered":"<p>on Wolfgang B\u00f6hler \u00a0 05.05.2009 &#8212; Am Schweizer Medienforschungstag ist am 8. September im Z\u00fcrcher Technopark ein neues Instrument der&#8230;<\/p>\n","protected":false},"author":1,"featured_media":0,"comment_status":"open","ping_status":"open","sticky":false,"template":"","format":"standard","meta":{"footnotes":""},"categories":[5],"tags":[],"class_list":["post-424","post","type-post","status-publish","format-standard","hentry","category-editorials","entry"],"_links":{"self":[{"href":"https:\/\/codexflores.ch\/index.php\/wp-json\/wp\/v2\/posts\/424","targetHints":{"allow":["GET"]}}],"collection":[{"href":"https:\/\/codexflores.ch\/index.php\/wp-json\/wp\/v2\/posts"}],"about":[{"href":"https:\/\/codexflores.ch\/index.php\/wp-json\/wp\/v2\/types\/post"}],"author":[{"embeddable":true,"href":"https:\/\/codexflores.ch\/index.php\/wp-json\/wp\/v2\/users\/1"}],"replies":[{"embeddable":true,"href":"https:\/\/codexflores.ch\/index.php\/wp-json\/wp\/v2\/comments?post=424"}],"version-history":[{"count":0,"href":"https:\/\/codexflores.ch\/index.php\/wp-json\/wp\/v2\/posts\/424\/revisions"}],"wp:attachment":[{"href":"https:\/\/codexflores.ch\/index.php\/wp-json\/wp\/v2\/media?parent=424"}],"wp:term":[{"taxonomy":"category","embeddable":true,"href":"https:\/\/codexflores.ch\/index.php\/wp-json\/wp\/v2\/categories?post=424"},{"taxonomy":"post_tag","embeddable":true,"href":"https:\/\/codexflores.ch\/index.php\/wp-json\/wp\/v2\/tags?post=424"}],"curies":[{"name":"wp","href":"https:\/\/api.w.org\/{rel}","templated":true}]}}