{"id":431,"date":"2014-01-11T10:14:14","date_gmt":"2014-01-11T10:14:14","guid":{"rendered":"https:\/\/codexflores.ch\/index.php\/2014\/01\/11\/zur-kultur-europas-gehoert-auch-die-schweiz\/"},"modified":"2014-01-11T10:14:14","modified_gmt":"2014-01-11T10:14:14","slug":"zur-kultur-europas-gehoert-auch-die-schweiz","status":"publish","type":"post","link":"https:\/\/codexflores.ch\/index.php\/2014\/01\/11\/zur-kultur-europas-gehoert-auch-die-schweiz\/","title":{"rendered":"Zur Kultur Europas geh\u00f6rt auch die Schweiz"},"content":{"rendered":"<p><center><em>Von Wolfgang B\u00f6hler<\/em><\/center> <\/p>\n<p><span class=\"txt-m-black\"><span class=\"txt-m-black\">\u00a0<\/span><\/span><\/p>\n<table align=\"left\">\n<tbody>\n<tr>\n<td width=\"70\"><img decoding=\"async\" src=\"http:\/\/212.60.37.143\/bilder\/kolumnewb.jpg\" border=\"0\" \/><\/td>\n<\/tr>\n<\/tbody>\n<\/table>\n<p><span class=\"txt-m-black\">15.01.2010 &#8212; Die L\u00e4nder der EU sind dabei (es ist ja auch ein EU-Programm); aber auch die Nicht-EU-L\u00e4nder Island, Liechtenstein, Norwegen, Kroatien, Mazedonien, Montenegro, Serbien, T\u00fcrkei sind\u2019s, und weitere L\u00e4nder des Westbalkans werden ebenfalls mitmachen: beim Europ\u00e4ischen Kulturprogramm. Die Schweiz \u2013 unsere Leser haben es nat\u00fcrlich bereits erraten \u2013 ist <em>nicht<\/em> mit von der Partie. W\u00e4re ja noch sch\u00f6ner, schliesslich gibt es mittlerweile ja mehr als genug Austausch. Zwischen der Schweiz und der EU werden dank Teilnahme an den entsprechenden europ\u00e4ischen Programmen reibungslos Asylbewerber und Kriminelle hin- und hergeschoben, es wird gemeinsam gegen Krankheitsepidemien in den afrikanischen L\u00e4ndern gek\u00e4mpft und die Helvetier sind dabei, wenn es darum geht, auf EU-Niveau \u00abProdukte und Dienstleistungen zu entwickeln, welche die Lebensqualit\u00e4t von \u00e4lteren Menschen verbessern\u00bb. Nur unsere Kulturschaffenden schauen dumm aus der W\u00e4sche, wenn\u2019s rund um uns herum kreativ wird.<\/p>\n<p> Die Beteiligung von Nicht-Mitgliedstaaten an den Kultur-F\u00f6rderprogrammen der EU wird \u00ab\u00fcber bilaterale Assoziationsabkommen zwischen dem jeweiligen Land und der EU geregelt\u00bb. Teilnehmen k\u00f6nnen Einrichtungen und Organisationen aus den L\u00e4ndern, die \u2013 Achtung jetzt kommt\u2019s \u2013 in das Kulturbudget der EU einzahlen. Es kostet also etwas. Da wird sich der Eidgenosse ja h\u00fcten. Die dumben EU-K\u00fcnstler w\u00fcrden die reiche Schweiz ja eh bloss melken. Und unsere Rolf-Knie-Elefanten und DJ Bobos werden wir in den boomenden globalen M\u00e4rkten auch ohne Mithilfe der EU los.<\/p>\n<p> Nun hat das Schweizer Parlament ein offizielles Kulturf\u00f6rderungsgesetz verabschiedet, das laut Artikel 1 auch den Kulturaustausch mit dem Ausland regelt, n\u00e4mlich folgendermassen: Artikel 22 besagt, dass der Bundesrat \u00abzur F\u00f6rderung der internationalen Beziehungen v\u00f6lkerrechtliche oder privatrechtliche Vertr\u00e4ge abschliessen kann, welche die kulturelle Zusammenarbeit und die finanzielle Beteiligung an internationalen Kulturf\u00f6rderungsmassnahmen regeln\u00bb (das Zitat ist nicht ganz korrekt, wir haben die Satzstellung umgestellt, aber ohne die Aussage zu ver\u00e4ndern; aus keinem besonderen Grund \u00fcbrigens). <\/p>\n<p> Es handelt sich \u2013 wie so vieles in dem Gesetz \u2013 zwar um eine Kann-Formulierung. Dennoch findet sich nun f\u00fcr eine Teilnahme an dem EU-Kulturprogramm eine Gesetzesgrundlage. Das ist auch der gr\u00fcnen Nationalr\u00e4tin Katharina Prelicz-Huber und 43 Mitunterzeichnern aus den links-gr\u00fcnen Parteien und der b\u00fcrgerlichen Mitte aufgefallen. Sie haben deshalb eine Motion eingereicht, die den Bundesrat veranlassen soll, \u00abdie sofortige Teilnahme der Schweiz am Europ\u00e4ischen Kulturprogramm zu veranlassen\u00bb. Gut so. <\/p>\n<p> Dass dann Z\u00fcrich (oder Basel oder Bern oder unseretwegen Sion oder Locarno) endlich mal die Chance h\u00e4tte, Kulturhauptstadt Europas zu werden, ist das eine. Wichtiger w\u00e4re, dass unsere Kulturstiftung Pro Helvetia nicht immer wieder schief in der europ\u00e4ischen Kulturlandschaft liegen w\u00fcrde und Probleme beim Andocken an europ\u00e4ische Projekte h\u00e4tte. Unsere K\u00fcnstler w\u00e4ren dann auch voll im Fokus der Europ\u00e4ischen Kulturpreise f\u00fcr Kulturerbe, Architektur (den \u00abunser\u00bb Peter Zumthor allerdings schon gewonnen hat), Literatur und Pop-Musik. Letzteres k\u00f6nnte f\u00fcr die absehbare n\u00e4chste Schlappe im European Song Contest entsch\u00e4digen. <\/p>\n<p> Aber m\u00f6glicherweise kommt das Begehren ja ein Tick zu sp\u00e4t. Nachdem die Schweiz sich ziert, Steuerfluchtgelder rauszur\u00fccken und daf\u00fcr Minarette verbietet, k\u00f6nnte die Motivation der EU, sie im Ideensandkasten der Kultur mitspielen zu lassen, auch schon gr\u00f6sser gewesen sein. <\/span> <span class=\"txt-m-black\">(<em>wb<\/em>)<\/span><\/p>\n<p> <center> <\/p>\n<table style=\"width: 420px;\" summary=\"linie\" border=\"0\" cellspacing=\"0\" cellpadding=\"0\">\n<tbody>\n<tr>\n<td colspan=\"9\" bgcolor=\"#666666\" height=\"1\"><img loading=\"lazy\" decoding=\"async\" src=\"http:\/\/212.60.37.143\/grafiken\/dbrown1x1.gif\" border=\"0\" width=\"1\" height=\"1\" \/><\/td>\n<\/tr>\n<\/tbody>\n<\/table>\n<p> <\/center> <\/p>\n<p><span class=\"txt-s-black\">Der Musikphilosoph Wolfgang B\u00f6hler (M.A.) studierte an der Universit\u00e4t Bern Wissenschaftstheorie, Mathematik und Musikwissenschaft. Er ist Chefredaktor des Codex flores Onlinemagazins.<\/span><\/p>\n","protected":false},"excerpt":{"rendered":"<p>Von Wolfgang B\u00f6hler \u00a0 15.01.2010 &#8212; Die L\u00e4nder der EU sind dabei (es ist ja auch ein EU-Programm); aber auch&#8230;<\/p>\n","protected":false},"author":1,"featured_media":0,"comment_status":"open","ping_status":"open","sticky":false,"template":"","format":"standard","meta":{"footnotes":""},"categories":[5],"tags":[],"class_list":["post-431","post","type-post","status-publish","format-standard","hentry","category-editorials","entry"],"_links":{"self":[{"href":"https:\/\/codexflores.ch\/index.php\/wp-json\/wp\/v2\/posts\/431","targetHints":{"allow":["GET"]}}],"collection":[{"href":"https:\/\/codexflores.ch\/index.php\/wp-json\/wp\/v2\/posts"}],"about":[{"href":"https:\/\/codexflores.ch\/index.php\/wp-json\/wp\/v2\/types\/post"}],"author":[{"embeddable":true,"href":"https:\/\/codexflores.ch\/index.php\/wp-json\/wp\/v2\/users\/1"}],"replies":[{"embeddable":true,"href":"https:\/\/codexflores.ch\/index.php\/wp-json\/wp\/v2\/comments?post=431"}],"version-history":[{"count":0,"href":"https:\/\/codexflores.ch\/index.php\/wp-json\/wp\/v2\/posts\/431\/revisions"}],"wp:attachment":[{"href":"https:\/\/codexflores.ch\/index.php\/wp-json\/wp\/v2\/media?parent=431"}],"wp:term":[{"taxonomy":"category","embeddable":true,"href":"https:\/\/codexflores.ch\/index.php\/wp-json\/wp\/v2\/categories?post=431"},{"taxonomy":"post_tag","embeddable":true,"href":"https:\/\/codexflores.ch\/index.php\/wp-json\/wp\/v2\/tags?post=431"}],"curies":[{"name":"wp","href":"https:\/\/api.w.org\/{rel}","templated":true}]}}