{"id":434,"date":"2014-01-11T10:16:54","date_gmt":"2014-01-11T10:16:54","guid":{"rendered":"https:\/\/codexflores.ch\/index.php\/2014\/01\/11\/ein-eklat-in-luzern-wird-zur-nagelprobe\/"},"modified":"2014-01-11T10:16:54","modified_gmt":"2014-01-11T10:16:54","slug":"ein-eklat-in-luzern-wird-zur-nagelprobe","status":"publish","type":"post","link":"https:\/\/codexflores.ch\/index.php\/2014\/01\/11\/ein-eklat-in-luzern-wird-zur-nagelprobe\/","title":{"rendered":"Ein Eklat in Luzern wird zur Nagelprobe"},"content":{"rendered":"<p><center><em>Von Wolfgang B\u00f6hler<\/em><\/center> <\/p>\n<p><span class=\"txt-m-black\"><span class=\"txt-m-black\">\u00a0<\/span><\/span><\/p>\n<table align=\"left\">\n<tbody>\n<tr>\n<td width=\"70\"><img decoding=\"async\" src=\"http:\/\/212.60.37.143\/bilder\/kolumnewb.jpg\" border=\"0\" \/><\/td>\n<\/tr>\n<\/tbody>\n<\/table>\n<p><span class=\"txt-m-black\">26.02.2010 &#8212; Ein bereits gew\u00e4hlter Rektor einer Musikhochschule sieht sich mit anonymen Drohungen konfrontiert und zieht es vor, das Amt nicht anzutreten. Ein alternativ berufener zweiter Kandidat tritt das Amt zwar an und erh\u00e4lt von gewichtigen Exponenten des Schweizer Musiklebens f\u00fcr sein Wirken beste Noten. Dennoch wird er nach bloss 16 Monaten im Amt in einer Art wieder auf die Strasse gestellt, die etwas ans amerikanische \u00abHire and Fire\u00bb-Prinzip erinnert. Die Lust, sich damit auseinanderzusetzen, was da schiefgelaufen ist und immer noch schief l\u00e4uft, scheint sich allerdings erstaunlicherweise in Grenzen zu halten (die Details zu den Ereignissen, welche zur Zeit die Teilschule Musik der Hochschule Luzern ersch\u00fcttern, finden sich in <a href=\"http:\/\/212.60.37.143\/dossiers_ind9.php?art=87\">diesem<\/a> Dossiertext.)<\/p>\n<p> Die Vorg\u00e4nge in Luzern und der Umgang damit sind exemplarisch f\u00fcr eine Haltung, die im Schweizer Kulturleben leider noch weit verbreitet ist. Die \u00dcberwachung lokaler Kulturinstitutionen gilt vielerorts noch als Ehrenamt, das in der Regel Vertretern der staatstragenden Kreise \u00f6rtlicher Gemeinschaften \u00fcbertragen wird. Diese sind \u2013 zumindest im Fall der Kontrollorgane \u2013 meist keine Kulturprofis, und sie neigen dazu, menschliche und strukturelle Konflikte nach alter V\u00e4ter Sitte \u00abmit R\u00fccksicht auf die Pers\u00f6nlichkeitsrechte der Betroffenen\u00bb und die \u00abspezielle Sensibilit\u00e4t von K\u00fcnstlern\u00bb diskret zu behandeln oder, wie der Volksmund so sch\u00f6n sagt, sie unter dem Deckel zu halten. <\/p>\n<p> Die Schweizer Kulturinstitutionen haben sich in den letzten Jahrzehnten nicht zuletzt wegen des stetig gr\u00f6sser werdenden politischen Rechtfertigungsdrucks stark professionalisiert. Die neu entstandenen Kulturmanagement-Ausbildungen sind ein Zeichen daf\u00fcr, die Einf\u00fchrung von Leistungsvereinbarungen und Qualit\u00e4tskontrollen ein anderes. <\/p>\n<p> Organisationen wie sie im Gesundheitswesen etwa Patientensch\u00fctzerinnen oder im Detailhandel der Konsumentenschutz kennen, die kontinuierlich Transparenz erzwingen, sucht man in der Kulturwirtschaft aber (noch) vergeblich. Die Einsicht, dass Unregelm\u00e4ssigkeiten und Spannungen konsequent aufgearbeitet werden m\u00fcssen, um unheilvolle Entwicklungen zu verhindern und dass angstbef\u00f6rdernde oder repressive Atmosph\u00e4ren nicht bagatellisiert werden d\u00fcrfen, hat sich im vielerorts nach wie vor paternalistisch gepr\u00e4gten Kulturleben noch nicht wirklich durchgesetzt.<\/p>\n<p> Darunter leiden in erster Linie die Kulturprofis selber, im Fall Luzern die Musikerinnen und Musiker. Kreative Gemeinschaften sind in aller Regel sensible menschliche Biotope. Musiker, auch in der Bildung t\u00e4tige, sind durch den stetig steigenden Erfolgs- und Wettbewerbsdruck speziellen seelischen Belastungen ausgesetzt. Dem muss Rechnung getragen werden. Ein wichtiger Teil davon ist, Konflikte konsequent und umfassend aufzuarbeiten.<\/p>\n<p> Die \u00f6konomische Bedeutung der Kulturwirtschaft nimmt in der globalisierten Welt zu. Auch deshalb ist es immer dringlicher angezeigt, f\u00fcr sie auf Basis zeitgem\u00e4sser Personalf\u00fchrung ein Umfeld zu schaffen, das kreativen Kr\u00e4ften Raum zur unbelasteten Entfaltung schafft. <\/span> <span class=\"txt-m-black\">(<em>wb<\/em>)<\/span><\/p>\n<p> <center> <\/p>\n<table style=\"width: 420px;\" summary=\"linie\" border=\"0\" cellspacing=\"0\" cellpadding=\"0\">\n<tbody>\n<tr>\n<td colspan=\"9\" bgcolor=\"#666666\" height=\"1\"><img loading=\"lazy\" decoding=\"async\" src=\"http:\/\/212.60.37.143\/grafiken\/dbrown1x1.gif\" border=\"0\" width=\"1\" height=\"1\" \/><\/td>\n<\/tr>\n<\/tbody>\n<\/table>\n<p> <\/center> <\/p>\n<p><span class=\"txt-s-black\">Der Musikphilosoph Wolfgang B\u00f6hler (M.A.) studierte an der Universit\u00e4t Bern Wissenschaftstheorie, Mathematik und Musikwissenschaft. Er ist Chefredaktor des Codex flores Onlinemagazins.<\/span><\/p>\n","protected":false},"excerpt":{"rendered":"<p>Von Wolfgang B\u00f6hler \u00a0 26.02.2010 &#8212; Ein bereits gew\u00e4hlter Rektor einer Musikhochschule sieht sich mit anonymen Drohungen konfrontiert und zieht&#8230;<\/p>\n","protected":false},"author":1,"featured_media":0,"comment_status":"open","ping_status":"open","sticky":false,"template":"","format":"standard","meta":{"footnotes":""},"categories":[5],"tags":[],"class_list":["post-434","post","type-post","status-publish","format-standard","hentry","category-editorials","entry"],"_links":{"self":[{"href":"https:\/\/codexflores.ch\/index.php\/wp-json\/wp\/v2\/posts\/434","targetHints":{"allow":["GET"]}}],"collection":[{"href":"https:\/\/codexflores.ch\/index.php\/wp-json\/wp\/v2\/posts"}],"about":[{"href":"https:\/\/codexflores.ch\/index.php\/wp-json\/wp\/v2\/types\/post"}],"author":[{"embeddable":true,"href":"https:\/\/codexflores.ch\/index.php\/wp-json\/wp\/v2\/users\/1"}],"replies":[{"embeddable":true,"href":"https:\/\/codexflores.ch\/index.php\/wp-json\/wp\/v2\/comments?post=434"}],"version-history":[{"count":0,"href":"https:\/\/codexflores.ch\/index.php\/wp-json\/wp\/v2\/posts\/434\/revisions"}],"wp:attachment":[{"href":"https:\/\/codexflores.ch\/index.php\/wp-json\/wp\/v2\/media?parent=434"}],"wp:term":[{"taxonomy":"category","embeddable":true,"href":"https:\/\/codexflores.ch\/index.php\/wp-json\/wp\/v2\/categories?post=434"},{"taxonomy":"post_tag","embeddable":true,"href":"https:\/\/codexflores.ch\/index.php\/wp-json\/wp\/v2\/tags?post=434"}],"curies":[{"name":"wp","href":"https:\/\/api.w.org\/{rel}","templated":true}]}}