{"id":446,"date":"2014-01-11T10:26:05","date_gmt":"2014-01-11T10:26:05","guid":{"rendered":"https:\/\/codexflores.ch\/index.php\/2014\/01\/11\/paralleluniversen-in-der-schweizer-kulturpolitik\/"},"modified":"2014-01-11T10:26:05","modified_gmt":"2014-01-11T10:26:05","slug":"paralleluniversen-in-der-schweizer-kulturpolitik","status":"publish","type":"post","link":"https:\/\/codexflores.ch\/index.php\/2014\/01\/11\/paralleluniversen-in-der-schweizer-kulturpolitik\/","title":{"rendered":"Paralleluniversen in der Schweizer Kulturpolitik"},"content":{"rendered":"<p><center><em>Von Wolfgang B\u00f6hler<\/em><\/center> <\/p>\n<p><span class=\"txt-m-black\"><span class=\"txt-m-black\">\u00a0<\/span><\/span><\/p>\n<table align=\"left\">\n<tbody>\n<tr>\n<td width=\"70\"><img decoding=\"async\" src=\"http:\/\/212.60.37.143\/bilder\/kolumnewb.jpg\" border=\"0\" \/><\/td>\n<\/tr>\n<\/tbody>\n<\/table>\n<p><span class=\"txt-m-black\">20.08.2010 &#8212; Wer ein Lehrst\u00fcck in Sachen Schweizer F\u00f6rderalismus und Kulturpolitik sucht, ist mit den Entwicklungen rund um die Kulturinstitutionen der Bundesstadt zur Zeit gut bedient. Auf Bundesebene wird gegenw\u00e4rtig die Kulturbotschaft zur Umsetzung des Kulturf\u00f6rderungsgesetzes (KFG) ausgearbeitet, und die Berner Regionalkonferenz legt Pl\u00e4ne zur Neuorganisation der Finanzierung der st\u00e4dtischen Museen, Theater und Konzerte vor. Was das eine denn mit dem andern zu tun habe, h\u00f6ren wir schon fragen. Eben.<\/p>\n<p> Eine Bundesstadt repr\u00e4sentiert, wie es der Name ja schon sagt, den Bund. Das Bundesamt f\u00fcr Kultur besch\u00e4ftigt sich aber \u2013 mit Ausnahme der Nationalbibliothek, in deren R\u00e4umen es sich befindet \u2013 mit allem andern ausser den Institutionen, die Bundesstadt-Kultur repr\u00e4sentieren (obwohl es geografisch betrachtet mitten in einem Gew\u00fchl von Museen und Bildungseinrichtungen situiert ist \u2013 Kunsthalle, Historisches Museum, Alpines Museum, Naturhistorisches Museum, Gymnasium, Museum f\u00fcr Kommunikation \u2013 und sich globalen Kr\u00e4ften wie der eBay-Zentrale und der Vertretungen von Indien und Taiwan direkt gegen\u00fcbersieht; sinnigerweise geh\u00f6ren zu den Nachbarn in unmittelbarer N\u00e4he auch die Swissmint, die in der Schweiz f\u00fcrs n\u00f6tige Kleingeld sorgt. Nirgendwo sind Geld und Geist so bedeutungstr\u00e4chtig vereint wie im Berner Kirchenfeldquartier). <\/p>\n<p> Die Regionalkonferenz Bern-Mittelland, die f\u00fcr die Subventionsvertr\u00e4ge der f\u00fcnf Institutionen Stadttheater Bern, Berner Symphonieorchester, Kunstmuseum Bern, Bernisches Historisches Museum und Zentrum Paul Klee zust\u00e4ndig ist, er\u00f6ffnet die Konsultation zu den Eckwerten der Kulturvertr\u00e4ge 2012 bis 2015; sie stellt j\u00e4hrlich 55,8 Millionen Franken in Aussicht. <\/p>\n<p> Sie plant, wie fr\u00fcher angek\u00fcndigt, Stadttheater und Symphonieorchester zusammenzulegen, unter Wahrung der vier Sparten Ballett, Schauspiel, Symphonie und Oper. Die Anzahl Vorstellungen im Musiktheater soll leicht reduziert werden. In der Technik sollen 700 und beim Orchester 500 Stellenprozente abgebaut werden. Das Schauspiel hingegen soll um 600 Stellenprozente aufgestockt werden. <\/p>\n<p> Die Gesamtverantwortung f\u00fcr das fusionierte \u00abMusik-Theater-Bern\u00bb soll in der Hand eines Gesch\u00e4ftsf\u00fchrers liegen. Das heisst, auf F\u00fchrungsebene d\u00fcrften zwischen Theater und Orchester noch einige Machtk\u00e4mpfe ausgetragen werden. Zu den Pl\u00e4nen k\u00f6nnen nun 81 Regionsgemeinden, Stadt, Kanton und Burgergemeinde Stellung nehmen. Es gibt Gemeinden, die deutlich mehr als bisher an die Subventionen bezahlen sollen. Da ist Widerstand vorprogrammiert. <\/p>\n<p> Auch der Bund l\u00e4sst sich vernehmen. Noch bis 24. November l\u00e4uft eine Anh\u00f6rung zur konkreten Umsetzung des KFG, die St\u00e4dte, Kantone, Kulturverb\u00e4nde und weitere Interessierte einbezieht. Am 15. September gibt es dazu einen Informationstag. Bis Januar 2011 soll die Botschaft aufgrund der Anh\u00f6rung \u00fcberarbeitet werden. Im Februar 2011 soll der Bundesrat die Botschaft verabschieden. 2011 geht sie wieder ins Parlament. <\/p>\n<p> Das sind planerische Paralleluniversen. Bedenklich ist dies erst recht, wenn man sich daran erinnert, dass gerade auch noch die Metropolitanregionen der Schweiz neu definiert worden sind, und sich Bern als Hauptstadtregion neu positionieren will. Als Treuh\u00e4nderin nationalen Kulturverst\u00e4ndnisses sieht sie sich aber offenbar (noch) nicht. Etwas mehr Druck beim Bund, sich in der Hauptstadt-Kultur st\u00e4rker zu engagieren, k\u00f6nnte da vielleicht nicht schaden. <\/span> <span class=\"txt-m-black\">(<em>wb<\/em>)<\/span><\/p>\n<p> <center> <\/p>\n<table style=\"width: 420px;\" summary=\"linie\" border=\"0\" cellspacing=\"0\" cellpadding=\"0\">\n<tbody>\n<tr>\n<td colspan=\"9\" bgcolor=\"#666666\" height=\"1\"><img loading=\"lazy\" decoding=\"async\" src=\"http:\/\/212.60.37.143\/grafiken\/dbrown1x1.gif\" border=\"0\" width=\"1\" height=\"1\" \/><\/td>\n<\/tr>\n<\/tbody>\n<\/table>\n<p> <\/center> <\/p>\n<p><span class=\"txt-s-black\">Der Musikphilosoph Wolfgang B\u00f6hler (M.A.) studierte an der Universit\u00e4t Bern Wissenschaftstheorie, Mathematik und Musikwissenschaft. Er ist Chefredaktor des Codex flores Onlinemagazins.<\/span><\/p>\n","protected":false},"excerpt":{"rendered":"<p>Von Wolfgang B\u00f6hler \u00a0 20.08.2010 &#8212; Wer ein Lehrst\u00fcck in Sachen Schweizer F\u00f6rderalismus und Kulturpolitik sucht, ist mit den Entwicklungen&#8230;<\/p>\n","protected":false},"author":1,"featured_media":0,"comment_status":"open","ping_status":"open","sticky":false,"template":"","format":"standard","meta":{"footnotes":""},"categories":[5],"tags":[],"class_list":["post-446","post","type-post","status-publish","format-standard","hentry","category-editorials","entry"],"_links":{"self":[{"href":"https:\/\/codexflores.ch\/index.php\/wp-json\/wp\/v2\/posts\/446","targetHints":{"allow":["GET"]}}],"collection":[{"href":"https:\/\/codexflores.ch\/index.php\/wp-json\/wp\/v2\/posts"}],"about":[{"href":"https:\/\/codexflores.ch\/index.php\/wp-json\/wp\/v2\/types\/post"}],"author":[{"embeddable":true,"href":"https:\/\/codexflores.ch\/index.php\/wp-json\/wp\/v2\/users\/1"}],"replies":[{"embeddable":true,"href":"https:\/\/codexflores.ch\/index.php\/wp-json\/wp\/v2\/comments?post=446"}],"version-history":[{"count":0,"href":"https:\/\/codexflores.ch\/index.php\/wp-json\/wp\/v2\/posts\/446\/revisions"}],"wp:attachment":[{"href":"https:\/\/codexflores.ch\/index.php\/wp-json\/wp\/v2\/media?parent=446"}],"wp:term":[{"taxonomy":"category","embeddable":true,"href":"https:\/\/codexflores.ch\/index.php\/wp-json\/wp\/v2\/categories?post=446"},{"taxonomy":"post_tag","embeddable":true,"href":"https:\/\/codexflores.ch\/index.php\/wp-json\/wp\/v2\/tags?post=446"}],"curies":[{"name":"wp","href":"https:\/\/api.w.org\/{rel}","templated":true}]}}