{"id":447,"date":"2014-01-11T10:26:34","date_gmt":"2014-01-11T10:26:34","guid":{"rendered":"https:\/\/codexflores.ch\/index.php\/2014\/01\/11\/missing-link-der-kreativwirtschaft\/"},"modified":"2014-01-11T10:26:34","modified_gmt":"2014-01-11T10:26:34","slug":"missing-link-der-kreativwirtschaft","status":"publish","type":"post","link":"https:\/\/codexflores.ch\/index.php\/2014\/01\/11\/missing-link-der-kreativwirtschaft\/","title":{"rendered":"Missing Link der Kreativwirtschaft"},"content":{"rendered":"<p><center><em>Von Wolfgang B\u00f6hler<\/em><\/center> <\/p>\n<p><span class=\"txt-m-black\"><span class=\"txt-m-black\">\u00a0<\/span><\/span><\/p>\n<table align=\"left\">\n<tbody>\n<tr>\n<td width=\"70\"><img decoding=\"async\" src=\"http:\/\/212.60.37.143\/bilder\/kolumnewb.jpg\" border=\"0\" \/><\/td>\n<\/tr>\n<\/tbody>\n<\/table>\n<p><span class=\"txt-m-black\">03.09.2010 &#8212; Das Bundesamt f\u00fcr Kultur (BAK) hat die erste Kulturbotschaft zur Umsetzung des Kulturf\u00f6rderungsgesetzes (KFG) in die Vernehmlassung geschickt (sie kann auf der <a href=\"http:\/\/www.bak.admin.ch\/themen\/kulturpolitik\/03720\/index.html?lang=de\" target=\"blank\" rel=\"noopener noreferrer\">Webseite<\/a> des BAK heruntergeladen werden). Da werden viele Details der Aufgaben und der Zusammenarbeit der einzelnen Akteure neu geregelt. Erf\u00fcllt werden soll zum Beispiel ein Wunsch, den die Pro-Helvetia-Exponenten schon lange hegen: Die Kulturstiftung soll vom BAK die Verantwortung f\u00fcr die Biennalen in Venedig, Neu Dehli und Kairo \u00fcbernehmen.<\/p>\n<p> Die Pro Helvetia soll in gewisser Hinsicht aber auch entpolitisiert werden: Die Steuerung der kulturpolitischen Debatte \u2013 zur Zeit etwa Thema des Pro-Helvetia-Programmes M\u00e9nage \u2013 will das BAK k\u00fcnftig verst\u00e4rkt selber \u00fcbernehmen. Es will \u00abeine aktivere Rolle bei der Gestaltung der schweizerischen Kulturpolitik spielen\u00bb und \u00abVeranstaltungen, welche die schweizerische Kulturpolitik reflektieren\u00bb (53) selber organisieren. <\/p>\n<p> Viele, viele kleinere Modifikationen sollen am System Kulturf\u00f6rderung in der Schweiz vorgenommen werden. Optimieren und Ausbalancieren heissen die Devisen. Die Politik hat beim Entwurf des KFG keine Visionen entwickelt und erkl\u00e4rtermassen nicht mehr als ein Organisationsgesetz zugelassen. Was fast v\u00f6llig fehlt in der Botschaft sind also gr\u00f6ssere Zukunftsprojekte wie Schnittstellen zwischen Kultur- und Wirtschafts-, respektive Kultur- und Wissenschaftsf\u00f6rderung. Die Schweiz, die auf ihren Denkplatz so stolz ist, spielt in Europa in dieser Hnsicht, freundlich ausgedr\u00fcckt, nicht unbedingt eine Vorreiterrolle. <\/p>\n<p> Die Kulturbotschaft verschweigt das keineswegs: Die Wirtschaftspolitik sollte die Entwicklung der Querschnittbranche Kultur- und Kreativwirtschaft in ihre \u00dcberlegungen einbeziehen, schreiben die Autoren (13). Auch die Schweiz m\u00fcsse sich, so die Botschaft weiter (19), zur Aufgabe machen, das Potential der Kultur- und Kreativwirtschaft besser zu erschliessen.<\/p>\n<p> In einer Fussnote wird dann fast etwas versch\u00e4mt darauf hingewiesen, dass unsere Nachbarn da bereits weiter sind: Deutschland hat dazu unter anderem ein Kompetenzzentrum mit acht regionalen Anlaufstellen gegr\u00fcndet, die EU-Kommission eine europ\u00e4ische Plattform ins Leben gerufen.<\/p>\n<p> Die staatliche Kultur- und Wirtschaftsf\u00f6rderung und die Politiker sind f\u00fcr die mangelnde Dynamik allerdings beileibe nicht alleine verantwortlich zu machen. Sie k\u00f6nnen (und sollen) ohnehin nur aufnehmen, was privater Initiative von Staatsb\u00fcrgern entspringt, und da fehlt nun ein entscheidender Baustein im Ganzen aus Bildungs-, Forschungs-, Kultur- und Wirtschaftsf\u00f6rderung.<\/p>\n<p> Die recht gut ausgebauten Schweizer Netzwerke von Risikokapitalgebern basieren auf Modellen schnell wachsender Hitech-Firmen mit hoher Rendite oder hohem Verkaufswert. Daneben gibt es f\u00fcr Kulturprojekte M\u00e4zene, die gerne Geld \u00e0 fonds perdu austeilen, sich daf\u00fcr aber eher Sch\u00f6nes, Gutes und Wahres erhoffen als Firmen, die Arbeitspl\u00e4tze schaffen und zum Bruttosozialprodukt beitragen. <\/p>\n<p> Es fehlen langfristig und professionell agierende Investoren-Netzwerke, die auf Kultur- und Kreativwirtschaft massgeschneiderte Finanzierungs- und Coachingmodelle entwickeln w\u00fcrden \u2013 etwa solche, die das Gebaren traditioneller Kulturstiftungen mit dem Sinn f\u00fcrs Marketing global agierender Dienstleister verbinden w\u00fcrden und die Kultur- und Kreativwirtschaft zu einem Zweig der Exportindustrie weiterzuentwickeln erlaubten.<\/p>\n<p> Sie w\u00fcrden den Druck auf staatliche Stellen wie die F\u00f6rderagentur f\u00fcr Innovation des Bundes (KTI), erh\u00f6hen, sich da auch einzubringen. <\/span> <span class=\"txt-m-black\">(<em>wb<\/em>)<\/span><\/p>\n<p> <center> <\/p>\n<table style=\"width: 420px;\" summary=\"linie\" border=\"0\" cellspacing=\"0\" cellpadding=\"0\">\n<tbody>\n<tr>\n<td colspan=\"9\" bgcolor=\"#666666\" height=\"1\"><img loading=\"lazy\" decoding=\"async\" src=\"http:\/\/212.60.37.143\/grafiken\/dbrown1x1.gif\" border=\"0\" width=\"1\" height=\"1\" \/><\/td>\n<\/tr>\n<\/tbody>\n<\/table>\n<p> <\/center> <\/p>\n<p><span class=\"txt-s-black\">Der Musikphilosoph Wolfgang B\u00f6hler (M.A.) studierte an der Universit\u00e4t Bern Wissenschaftstheorie, Mathematik und Musikwissenschaft. Er ist Chefredaktor des Codex flores Onlinemagazins.<\/span><\/p>\n","protected":false},"excerpt":{"rendered":"<p>Von Wolfgang B\u00f6hler \u00a0 03.09.2010 &#8212; Das Bundesamt f\u00fcr Kultur (BAK) hat die erste Kulturbotschaft zur Umsetzung des Kulturf\u00f6rderungsgesetzes (KFG)&#8230;<\/p>\n","protected":false},"author":1,"featured_media":0,"comment_status":"open","ping_status":"open","sticky":false,"template":"","format":"standard","meta":{"footnotes":""},"categories":[5],"tags":[],"class_list":["post-447","post","type-post","status-publish","format-standard","hentry","category-editorials","entry"],"_links":{"self":[{"href":"https:\/\/codexflores.ch\/index.php\/wp-json\/wp\/v2\/posts\/447","targetHints":{"allow":["GET"]}}],"collection":[{"href":"https:\/\/codexflores.ch\/index.php\/wp-json\/wp\/v2\/posts"}],"about":[{"href":"https:\/\/codexflores.ch\/index.php\/wp-json\/wp\/v2\/types\/post"}],"author":[{"embeddable":true,"href":"https:\/\/codexflores.ch\/index.php\/wp-json\/wp\/v2\/users\/1"}],"replies":[{"embeddable":true,"href":"https:\/\/codexflores.ch\/index.php\/wp-json\/wp\/v2\/comments?post=447"}],"version-history":[{"count":0,"href":"https:\/\/codexflores.ch\/index.php\/wp-json\/wp\/v2\/posts\/447\/revisions"}],"wp:attachment":[{"href":"https:\/\/codexflores.ch\/index.php\/wp-json\/wp\/v2\/media?parent=447"}],"wp:term":[{"taxonomy":"category","embeddable":true,"href":"https:\/\/codexflores.ch\/index.php\/wp-json\/wp\/v2\/categories?post=447"},{"taxonomy":"post_tag","embeddable":true,"href":"https:\/\/codexflores.ch\/index.php\/wp-json\/wp\/v2\/tags?post=447"}],"curies":[{"name":"wp","href":"https:\/\/api.w.org\/{rel}","templated":true}]}}