{"id":452,"date":"2014-01-11T10:29:00","date_gmt":"2014-01-11T10:29:00","guid":{"rendered":"https:\/\/codexflores.ch\/index.php\/2014\/01\/11\/ein-masterplan-fuer-die-kreativwirtschaft\/"},"modified":"2014-01-11T10:29:00","modified_gmt":"2014-01-11T10:29:00","slug":"ein-masterplan-fuer-die-kreativwirtschaft","status":"publish","type":"post","link":"https:\/\/codexflores.ch\/index.php\/2014\/01\/11\/ein-masterplan-fuer-die-kreativwirtschaft\/","title":{"rendered":"Ein Masterplan f\u00fcr die Kreativwirtschaft"},"content":{"rendered":"<p><center><em>Von Wolfgang B\u00f6hler<\/em><\/center> <\/p>\n<p><span class=\"txt-m-black\"><span class=\"txt-m-black\">\u00a0<\/span><\/span><\/p>\n<table align=\"left\">\n<tbody>\n<tr>\n<td width=\"70\"><img decoding=\"async\" src=\"http:\/\/212.60.37.143\/bilder\/kolumnewb.jpg\" border=\"0\" \/><\/td>\n<\/tr>\n<\/tbody>\n<\/table>\n<p><span class=\"txt-m-black\">12.11.2010 &#8212; Vor einigen Tagen hat Bundesr\u00e4tin Doris Leuthard als Noch-Vorsteherin des Eidgen\u00f6ssischen Volkswirtschafts-Departements in Bern einen Masterplan Cleantech vorgestellt. Er dient dazu, \u00abdie positive Entwicklung der Unternehmen mit Cleantech-Anwendungen durch einen Schulterschluss zwischen Wissenschaft, Wirtschaft, Verwaltung und Politik zu st\u00e4rken.\u00bb Die Kreativwirtschaft kann eine derartige Initiative nur mit einem gewissen Neid zur Kenntnis nehmen, gleichen sich wichtige Merkmale und Kennzahlen der beiden zukunftstr\u00e4chtigen Gebiete doch auff\u00e4llig: Beides sind typische Querschnittbranchen, die Dienstleistungen f\u00fcr andere erbringen; die Gr\u00f6ssenordnungen und sicher auch die Zukunfts- und Wachstumsperspektiven entsprechen sich.<\/p>\n<p> Laut Zahlen der Bundesverwaltung (respektive des Dritten Z\u00fcrcher Kreativwirtschaftsberichts) waren 2008 in der Cleantech-Branche 155\u2019000 bis 160\u2019000 Personen t\u00e4tig (in der Kreativwirtschaft \u00fcber 200\u2019000 Personen). Dies sind rund 4,5 Prozent aller Besch\u00e4ftigten in der Schweiz in der Cleantech (5 Prozent in der Kreativwirtschaft). Mit einer j\u00e4hrlichen Bruttowertsch\u00f6pfung von gesch\u00e4tzten 18 bis 20 Milliarden Franken leistete Cleantech im Jahr 2008 einen Beitrag von 3 bis 3,5 Prozent an das Bruttoinland-Produkt (BIP). Die Kreativwirtschaft erzielte 2008 bei einem Umsatz von 87,9 Milliarden Franken eine Bruttowertsch\u00f6pfung von 20,5 Milliarden Franken, respektive einen Anteil am BIP von 4,2 Prozent.<\/p>\n<p> F\u00fcr den Masterplan Cleantech sind vier Ziele formuliert worden: Man will weltweit (wieder) f\u00fchrend in der Forschung werden, will erhebliche Fortschritte im Wissens- und Technologietransfer erzielen, f\u00fchrend in der Produktion von Cleantech werden und auch Cleantech mit dem Label Schweizer Qualit\u00e4t und \u00abSwissness\u00bb verbinden. <\/p>\n<p> Es gibt nat\u00fcrlich auch Unterschiede zwischen den beiden Branchen. Cleantech basiert auf \u00abIntellectual Property\u00bb, das heisst auf Patenten; ihr Zustand l\u00e4sst sich deshalb anhand der Patentanmeldungen einfacher messen als derjenige der Kreativwirtschaft (laut Bericht zum Masterplan hat sich die Position im Zeitraum 2000 bis 2007 gegen\u00fcber der Periode 1991 bis 1999 verschlechtert).<\/p>\n<p> Vergleichbare Zahlen f\u00fcr die Kreativwirtschaft sind schwieriger zu erheben. Zudem ist die Exportdynamik einer Ingenieurs-Branche besser zu vefolgen als diejenige der Kreativen. Das bedeutet aber nicht, dass die Kreativwirtschaft auch \u00fcber die typischen Export-Gebiete wie Architektur, Design und Bildende Kunst hinaus im Aussenhandel nicht gewichtige Bedeutung haben kann.<\/p>\n<p> Es hat einiges gebraucht, bis die politische Mitte in der Schweiz endlich eingesehen hat, dass Wirtschafts-Initiativen im Umfeld der \u00f6kologischen Wirtschaft f\u00fcr das Land wichtige strategische Bedeutung haben. Zu lange wurde das Thema als politische Waffe der Linken und Gr\u00fcnen im Kampf gegen das Establishment betrachtet.<\/p>\n<p> Zu hoffen ist, dass der Lernprozess, der in Sachen Cleantech offenbar in Gang kommt, auch die Kreativwirtschaft vermehrt in den Horizont der liberalen Wirtschaftslobbyisten r\u00fcckt. <\/span> <span class=\"txt-m-black\">(<em>wb<\/em>)<\/span><\/p>\n<p> <center> <\/p>\n<table style=\"width: 420px;\" summary=\"linie\" border=\"0\" cellspacing=\"0\" cellpadding=\"0\">\n<tbody>\n<tr>\n<td colspan=\"9\" bgcolor=\"#666666\" height=\"1\"><img loading=\"lazy\" decoding=\"async\" src=\"http:\/\/212.60.37.143\/grafiken\/dbrown1x1.gif\" border=\"0\" width=\"1\" height=\"1\" \/><\/td>\n<\/tr>\n<\/tbody>\n<\/table>\n<p> <\/center> <\/p>\n<p><span class=\"txt-s-black\">Der Musikphilosoph Wolfgang B\u00f6hler (M.A.) studierte an der Universit\u00e4t Bern Wissenschaftstheorie, Mathematik und Musikwissenschaft. Er ist Chefredaktor des Codex flores Onlinemagazins.<\/span><\/p>\n","protected":false},"excerpt":{"rendered":"<p>Von Wolfgang B\u00f6hler \u00a0 12.11.2010 &#8212; Vor einigen Tagen hat Bundesr\u00e4tin Doris Leuthard als Noch-Vorsteherin des Eidgen\u00f6ssischen Volkswirtschafts-Departements in Bern&#8230;<\/p>\n","protected":false},"author":1,"featured_media":0,"comment_status":"open","ping_status":"open","sticky":false,"template":"","format":"standard","meta":{"footnotes":""},"categories":[5],"tags":[],"class_list":["post-452","post","type-post","status-publish","format-standard","hentry","category-editorials","entry"],"_links":{"self":[{"href":"https:\/\/codexflores.ch\/index.php\/wp-json\/wp\/v2\/posts\/452","targetHints":{"allow":["GET"]}}],"collection":[{"href":"https:\/\/codexflores.ch\/index.php\/wp-json\/wp\/v2\/posts"}],"about":[{"href":"https:\/\/codexflores.ch\/index.php\/wp-json\/wp\/v2\/types\/post"}],"author":[{"embeddable":true,"href":"https:\/\/codexflores.ch\/index.php\/wp-json\/wp\/v2\/users\/1"}],"replies":[{"embeddable":true,"href":"https:\/\/codexflores.ch\/index.php\/wp-json\/wp\/v2\/comments?post=452"}],"version-history":[{"count":0,"href":"https:\/\/codexflores.ch\/index.php\/wp-json\/wp\/v2\/posts\/452\/revisions"}],"wp:attachment":[{"href":"https:\/\/codexflores.ch\/index.php\/wp-json\/wp\/v2\/media?parent=452"}],"wp:term":[{"taxonomy":"category","embeddable":true,"href":"https:\/\/codexflores.ch\/index.php\/wp-json\/wp\/v2\/categories?post=452"},{"taxonomy":"post_tag","embeddable":true,"href":"https:\/\/codexflores.ch\/index.php\/wp-json\/wp\/v2\/tags?post=452"}],"curies":[{"name":"wp","href":"https:\/\/api.w.org\/{rel}","templated":true}]}}