{"id":455,"date":"2014-01-11T10:30:36","date_gmt":"2014-01-11T10:30:36","guid":{"rendered":"https:\/\/codexflores.ch\/index.php\/2014\/01\/11\/die-kulturpolitischen-ereignisse-des-jahres\/"},"modified":"2014-01-11T10:30:36","modified_gmt":"2014-01-11T10:30:36","slug":"die-kulturpolitischen-ereignisse-des-jahres","status":"publish","type":"post","link":"https:\/\/codexflores.ch\/index.php\/2014\/01\/11\/die-kulturpolitischen-ereignisse-des-jahres\/","title":{"rendered":"Die kulturpolitischen Ereignisse des Jahres"},"content":{"rendered":"<p><center><em>Von Wolfgang B\u00f6hler<\/em><\/center> <\/p>\n<p><span class=\"txt-m-black\"><span class=\"txt-m-black\">\u00a0<\/span><\/span><\/p>\n<table align=\"left\">\n<tbody>\n<tr>\n<td width=\"70\"><img decoding=\"async\" src=\"http:\/\/212.60.37.143\/bilder\/kolumnewb.jpg\" border=\"0\" \/><\/td>\n<\/tr>\n<\/tbody>\n<\/table>\n<p><span class=\"txt-m-black\">24.12.2010 &#8212; Wir finden Ratings und Hitlisten eigentlich Unsinn (auf unserer pers\u00f6nlichen Liste der d\u00fcmmsten Dinge belegen sie einen Spitzenplatz). Es geht aber gegen das Jahresende zu, eine Zeit, in der sich Auf- und Absteiger und die \u00abbedeutendsten so und so des Jahres\u00bb (meist in Zehnergruppen) wie die Schweinegrippeviren in den Rekrutenschulen vermehren. Wir machen also einmal eine Ausnahme und w\u00e4hlen &#8211; aus einer Liste, auf der sich auch die zehn \u00fcberfl\u00fcssigsten Urauff\u00fchrungen, die zehn am schnellsten wieder in der Versenkung verschwundenen Gewinner des Bachmann-Preises und anderer Castingshows oder die f\u00fcnf geschw\u00e4tzigsten Intendanten des Jahres finden &#8211; diejenige, die uns am wenigsten sexy vorkommt: Die zehn wichtigsten kulturpolitischen Ereignisse des Jahres. Die Liste kriegen wir allerdings nur voll, weil wir auch ein paar kantonale Aufreger reinpacken. <\/p>\n<p> Wir beginnen mit faktischen Nichtmeldungen und \u00dcbersehenem. Auf Platz zehn: Mit <em>Patrimonium<\/em> ver\u00f6ffentlicht das Bundesamt f\u00fcr Kultur ein umfassendes Buch \u00fcber die Schweizer Denkmalpflege von 1950 bis 2000. Haben Sie\u2019s gemerkt? Eben. <\/p>\n<p> Platz neun m\u00fcsste zu denken geben, macht\u2019s aber nicht: Der Wirtschafts-Think-Tank Avenir Suisse wird zur Kaderschmiede der Schweizer Kulturpromotion. Sein Direktor Thomas Held wechselt zum Projekt Musikinsel Rheinau, seine Vizedirektorin Katja Gentinetta wird Redaktorin von <em>Sternstunde Philsosophie<\/em> des Schweizer Fernsehens. Der Nachwuchs in der Elite der nationalen Kulturdenker rekrutiert sich mehr und mehr aus dem Wirtschaftslobbying. Haben Sie\u2019s gemerkt? Eben.<\/p>\n<p> Platz acht ist eine Ilustration des Kant\u00f6nligeists: Der Schweizer Kammerchor kann nicht mehr weiter existieren, weil sich die Kantone (respektive St\u00e4dte) nicht auf eine gemeinsame Finanzierung eines Ensembles von nationaler Bedeutung einigen konnten. <\/p>\n<p> Auf Platz sieben deshalb auch gleich noch ein kantonales Ereignis von exemplarischer Bedeutung: Die Schwyzer Kulturbeauftragte Rebekka F\u00e4ssler wirft das Handtuch. Die rechtsliberale Kampfparole \u00abKultur ist Sache der Kultur\u00bb hat gesiegt. Der Kanton unterst\u00fctzt zwar ausserkantonale urbane Kultur mit einem Millionenbeitrag, l\u00e4sst aber die eigenen Kulturschaffenden im Regen stehen. Nicht im Geldregen.<\/p>\n<p> Auf Rang sechs: Das Projekt Nagelhaus, ein Symbol f\u00fcr den Widerstand gegen die Staatsr\u00e4son, wird vom Z\u00fcrcher Stimmvolk bachab geschickt. Was soll man dazu sagen? Das Nein war wohl ein Symbol f\u00fcr den Widerstand gegen die Staatsr\u00e4son. Der Hafenkran, ein anderes Z\u00fcrcher Ki\u00f6r-Projekt (Kunst im \u00f6ffentlichen Raum) wird den gleichen Weg gehen \u2013 so man die Limmat als Bach bezeichnen will.<\/p>\n<p> Mit Rang f\u00fcnf, vier und drei geraten wir in den Dunstkreis der Filmf\u00f6rderung: Roman Polanski wird <em>nicht<\/em> an die USA ausgeliefert (5.), der Finanzierungskatastrophenfilm <em>Sennentuntschi<\/em> schafft\u2019s ins Kino (4.). Den ersten Podestplatz (3.) belegt ein Einschnitt in der Filmf\u00f6rderung: Der selbsternannte Monsieur Cin\u00e9ma Nicolas Bideau gibt seinen R\u00fccktritt bekannt. Sein Konzept einer offensiveren und konfrontativeren Filmf\u00f6rderungspolitik ist gescheitert, muss man wohl sagen.<\/p>\n<p> Auf dem zweiten Platz: der R\u00fcckzug der privaten Sponsoren aus dem Luzerner Projekt Salle Modulable. Er hat den Grundsatzdialog \u00fcber \u00f6ffentliche und private Kulturf\u00f6rderung angeregt \u2013 zumindest f\u00fcr ein paar Stunden.<\/p>\n<p> An erster Stelle nat\u00fcrlich (tataaaa!!!): Die Verabschiedung des Schweizer Kulturf\u00f6rderungsgesetzes durch das Parlament. Es steht symbolisch f\u00fcr den Zustand der Schweizer Kulturpolitik: Da ist jetzt alles juristisch einfach ein bisschen besser abgesichert. Ansonsten machen wir weiter wie bisher. Prosit Neujahr. <\/span> <span class=\"txt-m-black\">(<em>wb<\/em>)<\/span><\/p>\n<p> <center> <\/p>\n<table style=\"width: 420px;\" summary=\"linie\" border=\"0\" cellspacing=\"0\" cellpadding=\"0\">\n<tbody>\n<tr>\n<td colspan=\"9\" bgcolor=\"#666666\" height=\"1\"><img loading=\"lazy\" decoding=\"async\" src=\"http:\/\/212.60.37.143\/grafiken\/dbrown1x1.gif\" border=\"0\" width=\"1\" height=\"1\" \/><\/td>\n<\/tr>\n<\/tbody>\n<\/table>\n<p> <\/center> <\/p>\n<p><span class=\"txt-s-black\">Der Musikphilosoph Wolfgang B\u00f6hler (M.A.) studierte an der Universit\u00e4t Bern Wissenschaftstheorie, Mathematik und Musikwissenschaft. Er ist Chefredaktor des Codex flores Onlinemagazins.<\/span><\/p>\n","protected":false},"excerpt":{"rendered":"<p>Von Wolfgang B\u00f6hler \u00a0 24.12.2010 &#8212; Wir finden Ratings und Hitlisten eigentlich Unsinn (auf unserer pers\u00f6nlichen Liste der d\u00fcmmsten Dinge&#8230;<\/p>\n","protected":false},"author":1,"featured_media":0,"comment_status":"open","ping_status":"open","sticky":false,"template":"","format":"standard","meta":{"footnotes":""},"categories":[5],"tags":[],"class_list":["post-455","post","type-post","status-publish","format-standard","hentry","category-editorials","entry"],"_links":{"self":[{"href":"https:\/\/codexflores.ch\/index.php\/wp-json\/wp\/v2\/posts\/455","targetHints":{"allow":["GET"]}}],"collection":[{"href":"https:\/\/codexflores.ch\/index.php\/wp-json\/wp\/v2\/posts"}],"about":[{"href":"https:\/\/codexflores.ch\/index.php\/wp-json\/wp\/v2\/types\/post"}],"author":[{"embeddable":true,"href":"https:\/\/codexflores.ch\/index.php\/wp-json\/wp\/v2\/users\/1"}],"replies":[{"embeddable":true,"href":"https:\/\/codexflores.ch\/index.php\/wp-json\/wp\/v2\/comments?post=455"}],"version-history":[{"count":0,"href":"https:\/\/codexflores.ch\/index.php\/wp-json\/wp\/v2\/posts\/455\/revisions"}],"wp:attachment":[{"href":"https:\/\/codexflores.ch\/index.php\/wp-json\/wp\/v2\/media?parent=455"}],"wp:term":[{"taxonomy":"category","embeddable":true,"href":"https:\/\/codexflores.ch\/index.php\/wp-json\/wp\/v2\/categories?post=455"},{"taxonomy":"post_tag","embeddable":true,"href":"https:\/\/codexflores.ch\/index.php\/wp-json\/wp\/v2\/tags?post=455"}],"curies":[{"name":"wp","href":"https:\/\/api.w.org\/{rel}","templated":true}]}}