{"id":457,"date":"2014-01-11T11:38:23","date_gmt":"2014-01-11T11:38:23","guid":{"rendered":"https:\/\/codexflores.ch\/index.php\/2014\/01\/11\/die-musik-spielt-in-den-kommissionen\/"},"modified":"2014-01-11T11:38:23","modified_gmt":"2014-01-11T11:38:23","slug":"die-musik-spielt-in-den-kommissionen","status":"publish","type":"post","link":"https:\/\/codexflores.ch\/index.php\/2014\/01\/11\/die-musik-spielt-in-den-kommissionen\/","title":{"rendered":"Die Musik spielt in den Kommissionen"},"content":{"rendered":"<p><center><em>Von Wolfgang B\u00f6hler<\/em><\/center> <\/p>\n<p><span class=\"txt-m-black\"><span class=\"txt-m-black\">\u00a0<\/span><\/span><\/p>\n<table align=\"left\">\n<tbody>\n<tr>\n<td width=\"70\"><img decoding=\"async\" src=\"http:\/\/212.60.37.143\/bilder\/kolumnewb.jpg\" border=\"0\" \/><\/td>\n<\/tr>\n<\/tbody>\n<\/table>\n<p><span class=\"txt-m-black\">21.01.2011 &#8212; Die Musik \u2013 um es sparten\u00fcbergreifend zu formulieren \u2013 spielt auch in der Filmf\u00f6rderung in den Kommissionen. Da verst\u00e4rkt sich unser Verdacht, dass die eigentlichen Hauptquartiere der Kulturf\u00f6rderung unterhalb des Radars der \u00f6ffentlichen Debatte angesiedelt sind. Das zeigt sich einmal mehr in den aktuellen Kontroversen um die Eidgen\u00f6ssische Filmkommission. Bundesrat und Bundesamt f\u00fcr Kultur haben da weitgehend freie Hand: Im Filmgesetz steht (Art. 25) der Bundesrat setze eine Eidgen\u00f6ssische Filmkommission ein, deren Zusammensetzung er auch selber bestimme. Das Departement (des Innern) setzt Fachkommissionen ein. In der Filmverordnung (Art. 18) steht, die Filmkommission vereine \u00abFachleute aus den Bereichen Filmschaffen, Verbreitung von Filmen, Aus- und Weiterbildung, Archivierung und Filmkultur.\u00bb Die Kulturbeh\u00f6rden der Kantone sowie die Pro Helvetia seien mit je einem Mitglied vertreten.<\/p>\n<p> Dass die Zuammensetzung der Kommissionen politisch brisant ist, hat sich diese Tage gezeigt, weil Branchenkenner den Verdacht hegen, sie werde als politisches Steuerinstrument missbraucht. In der \u00abNeuen Z\u00fcrcher Zeitung\u00bb wirft der Filmemacher Samir dem abtretenden Filmverantwortlichen des Bundes Nicolas Bideau vor, ohne Absprache mit den Filmverb\u00e4nden eine Filmkommission von seinen Gnaden eingesetzt zu haben. <\/p>\n<p> Im Dezember haben gleich drei der f\u00fcnf Mitglieder der Filmkommission gek\u00fcndigt, weil sie mit einem neuen Schl\u00fcssel zur Zusammensetzung des Gremiums nicht einverstanden sind. Einer der zur\u00fcckgetretenen beklagte sich in der \u00abSonntagszeitung\u00bb, das sei keine Expertenkommission mehr, sondern ein politisches Gremium, in dem jeder nur die Interessen seines eigenen Verbandes verfolge. <\/p>\n<p> \u00dcber die Subventionen f\u00fcr die Filmfestivals wiederum entscheidet eine Expertenkommission aus genau zwei (!) Personen \u2013 ein Filmkritiker, Martin Waldner, und die Produzentin Elena Tatti \u2013 die in einem nicht anders als politisch zu wertenden Entscheid Locarno gegen\u00fcber Z\u00fcrich \u00fcberdeutlich bevorzugt. Weshalb gerade die zwei? Und wer hat sie ernannt? Auf wessen Empfehlung? Gab\u2019s Alternativvorschl\u00e4ge? Wer wusste davon, dass eine Expertenkommission personell besetzt wird? Wer konnte sich bewerben? Aus welchen Gr\u00fcnden? <\/p>\n<p> Es geht hier nicht darum, die personellen Entscheide und die Sachentscheide der Experten in Frage zu stellen. Es gibt daf\u00fcr sicherlich gute Gr\u00fcnde \u2013 vor allem f\u00fcr einen eher vorsichtigen Kurs gegen\u00fcber dem auf Glamour und Publikumswirkung zielenden Z\u00fcrcher Filmfestival, f\u00fcr das man eher Wirtschafts- als Kulturf\u00f6rdermassnahmen schaffen m\u00fcsste. Die allerdings h\u00e4tte es zweifelsohne verdient.<\/p>\n<p> Das grunds\u00e4tzliche Problem ist eine seltsame Assymmetrie in der Kulturf\u00f6rderpolitik: Mittlerweile d\u00fcrften sich alle einig dar\u00fcber sein, dass es eine objektive, gerechte und inhaltlich nachweisbar richtige Kulturf\u00f6rderung nicht geben kann. Das liegt im Wesen der Sache: Dort wo experimentiert werden soll, kann die Wirkung eben nicht vorweggenommen werden. <\/p>\n<p> Wer also faktisch \u00fcber die Verteilung der F\u00f6rdergelder bestimmt, m\u00fcsste eine hochpolitische Angelegenheit sein. \u00dcber Klein- und Kleinstbetr\u00e4ge in der F\u00f6rderung wird parlamentarisch st\u00e4ndig gestritten, die Wahl- und Ernennungsprozedere der Kommissionen und Expertengruppen sind hingegen der Politik, der demokratischen Meinungsbildung und dem Diskurs um Macht und Steuerung weitgehend entzogen. <\/p>\n<p> Das f\u00fchrt im besten Fall dazu, dass die strategischen Schaltstellen der Kulturf\u00f6rderung mit anregenden und kompetenten Pers\u00f6nlichkeiten besetzt sind, die (irref\u00fchrenderweise) plausibel machen k\u00f6nnen, ihre F\u00f6rderstrategie sei die einzige richtige. Im weniger g\u00fcnstigen, aber allzu h\u00e4ufigen Fall finden sich in diesen Kommissionen Vertreter der zweiten Garnitur oder Personen, die andere Motive f\u00fcr ihre Arbeit haben als ein engagiertes Einstehen f\u00fcr die Anliegen der Kultur. <\/span> <span class=\"txt-m-black\">(<em>wb<\/em>)<\/span><\/p>\n<p> <center> <\/p>\n<table style=\"width: 420px;\" summary=\"linie\" border=\"0\" cellspacing=\"0\" cellpadding=\"0\">\n<tbody>\n<tr>\n<td colspan=\"9\" bgcolor=\"#666666\" height=\"1\"><img loading=\"lazy\" decoding=\"async\" src=\"http:\/\/212.60.37.143\/grafiken\/dbrown1x1.gif\" border=\"0\" width=\"1\" height=\"1\" \/><\/td>\n<\/tr>\n<\/tbody>\n<\/table>\n<p> <\/center> <\/p>\n<p><span class=\"txt-s-black\">Der Musikphilosoph Wolfgang B\u00f6hler (M.A.) studierte an der Universit\u00e4t Bern Wissenschaftstheorie, Mathematik und Musikwissenschaft. Er ist Chefredaktor des Codex flores Onlinemagazins.<\/span><\/p>\n","protected":false},"excerpt":{"rendered":"<p>Von Wolfgang B\u00f6hler \u00a0 21.01.2011 &#8212; Die Musik \u2013 um es sparten\u00fcbergreifend zu formulieren \u2013 spielt auch in der Filmf\u00f6rderung&#8230;<\/p>\n","protected":false},"author":1,"featured_media":0,"comment_status":"open","ping_status":"open","sticky":false,"template":"","format":"standard","meta":{"footnotes":""},"categories":[5],"tags":[],"class_list":["post-457","post","type-post","status-publish","format-standard","hentry","category-editorials","entry"],"_links":{"self":[{"href":"https:\/\/codexflores.ch\/index.php\/wp-json\/wp\/v2\/posts\/457","targetHints":{"allow":["GET"]}}],"collection":[{"href":"https:\/\/codexflores.ch\/index.php\/wp-json\/wp\/v2\/posts"}],"about":[{"href":"https:\/\/codexflores.ch\/index.php\/wp-json\/wp\/v2\/types\/post"}],"author":[{"embeddable":true,"href":"https:\/\/codexflores.ch\/index.php\/wp-json\/wp\/v2\/users\/1"}],"replies":[{"embeddable":true,"href":"https:\/\/codexflores.ch\/index.php\/wp-json\/wp\/v2\/comments?post=457"}],"version-history":[{"count":0,"href":"https:\/\/codexflores.ch\/index.php\/wp-json\/wp\/v2\/posts\/457\/revisions"}],"wp:attachment":[{"href":"https:\/\/codexflores.ch\/index.php\/wp-json\/wp\/v2\/media?parent=457"}],"wp:term":[{"taxonomy":"category","embeddable":true,"href":"https:\/\/codexflores.ch\/index.php\/wp-json\/wp\/v2\/categories?post=457"},{"taxonomy":"post_tag","embeddable":true,"href":"https:\/\/codexflores.ch\/index.php\/wp-json\/wp\/v2\/tags?post=457"}],"curies":[{"name":"wp","href":"https:\/\/api.w.org\/{rel}","templated":true}]}}