{"id":460,"date":"2014-01-11T11:40:13","date_gmt":"2014-01-11T11:40:13","guid":{"rendered":"https:\/\/codexflores.ch\/index.php\/2014\/01\/11\/welches-kulturleitbild-braucht-das-land\/"},"modified":"2014-01-11T11:40:13","modified_gmt":"2014-01-11T11:40:13","slug":"welches-kulturleitbild-braucht-das-land","status":"publish","type":"post","link":"https:\/\/codexflores.ch\/index.php\/2014\/01\/11\/welches-kulturleitbild-braucht-das-land\/","title":{"rendered":"Welches Kulturleitbild braucht das Land?"},"content":{"rendered":"<p><center><em>Von Wolfgang B\u00f6hler<\/em><\/center> <\/p>\n<p><span class=\"txt-m-black\"><span class=\"txt-m-black\">\u00a0<\/span><\/span><\/p>\n<table align=\"left\">\n<tbody>\n<tr>\n<td width=\"70\"><img decoding=\"async\" src=\"http:\/\/212.60.37.143\/bilder\/kolumnewb.jpg\" border=\"0\" \/><\/td>\n<\/tr>\n<\/tbody>\n<\/table>\n<p><span class=\"txt-m-black\">04.03.2011 &#8212; Die Bildungs-, Kultur- und Sportdirektion des Kantons Basel-Landschaft hat das Internet als Kommunikationskanal entdeckt. Unter dem \u00fcberaus griffigen Schlagwort \u00abGPS kultur.bl Standpunkt\u00bb bringt sie ab sofort \u00abje nach Bed\u00fcrfnis kurz-knappe Darstellungen, Einspr\u00fcche, Repliken auf kulturpolitische Themen\u00bb unter die Leute. Das ist in mehrerer Hinsicht bemerkenswert. Ungew\u00f6hnlich ist mal, dass ein Kulturamt einen Kommunikationskanal entdeckt. Interessant ist auch, dass es sich eigene Standpunkte leisten will und \u00fcberdies, dass es Einspr\u00fcche und Repliken aktiv riskiert. <\/p>\n<p> F\u00fcr so etwas ist im Fall des Kantons Basel-Landschaft der Zeitpunkt vermutlich gut gew\u00e4hlt. Der Kanton Basel-Landschaft hat mit einem Einspruch seiner Stimmb\u00fcrger in Sachen Stadttheater dem Kanton Basel-Stadt n\u00e4mlich soeben seinen Standpunkt klargemacht, und Urbi et Orbi fragen sich nun, wie\u2019s dazu kommen konnte und wie\u2019s in der Kultur-Partnerschaft weitergehen soll. <\/p>\n<p> Zun\u00e4chst einmal geht\u2019s im Kanton Basel-Landschaft um eine \u00abTagsatzung\u00bb zum Thema \u00abWelches Kulturleitbild braucht das Land?\u00bb, die am 7. Mai in Liestal \u00fcber die B\u00fchne gehen wird.<\/p>\n<p> \u00abWelches Kulturleitbild braucht das Land?\u00bb ist eine gute Frage. \u00abLand\u00bb interpretieren wir in diesem Fall nat\u00fcrlich als Landschaft, mithin als l\u00e4ndlichen Halbteil der Region Basel, der im Gegensatz zur Stadt offenbar eine andere Kultur braucht (auch wenn seine Bewohner Kultur in der Stadt konsumieren, dazu aber nicht den Obolus beisteuern wollen, den die Stadt im Zuge des regionalen Lastenausgleichs gerne in der Kasse klingeln h\u00f6rte \u2013 das ist aber kein typisches Basler Problem, man frage nur mal die Stadtpr\u00e4sidenten von Bern, Solothurn oder Z\u00fcrich). <\/p>\n<p> L\u00f6st man sich mal von Basel, das ja auch bloss den Einstieg zu diesem Text hat liefern m\u00fcssen, dann stellt sich die Frage sozusagen kategorial-f\u00f6rderalistisch: Welches Kulturleitbild braucht das Land (die Schweiz)? Der alte Briest \u2013 ein typischer Landbewohner in der Provinz &#8211; k\u00e4me in Fontanes Roman <em>Effi Briest<\/em> zu einem eindeutigen Schluss: <em>Das ist ein weites Feld.<\/em><\/p>\n<p> Es gibt darauf eigentlich nur anschliessende Fragen und kaum abschliessende Antworten, und es ist hierzulande selbstverst\u00e4ndlich von Kanton zu Kanton verschieden. Modernes Kulturverst\u00e4ndnis gleicht dem Schiff, mit dem der Philosoph Otto Neurath die Philosophie verglichen hat, das wir auf offener See umbauen m\u00fcssen, ohne es jemals in einem Dock zerlegen und aus besten Bestandteilen neu errichten zu k\u00f6nnen. <\/p>\n<p> Der Dialog <em>\u00fcber<\/em> die Kultur ist also intrinsischer Teil <em>der<\/em> Kultur und die Kommunikations-Initiative der Bildungs-, Kultur- und Sportdirektion des Kantons Basel-Landschaft deshalb eine gute, ja eine exzellente Idee. Sie k\u00f6nnte zur Vorstellung verleiten, dass Kultur\u00e4mter prim\u00e4r nicht Durchlauferhitzer f\u00fcr Subventionen, Kulturpreis\u00fcberwacher oder Triagezentren f\u00fcr Verordnungen, Antragsformulare und Einsprachen sind, sondern eine Art Ombudsstellen oder Agents provocateurs f\u00fcr den kontinuierlichen Dialog. <\/span> <span class=\"txt-m-black\">(<em>wb<\/em>)<\/span><\/p>\n<p> <center> <\/p>\n<table style=\"width: 420px;\" summary=\"linie\" border=\"0\" cellspacing=\"0\" cellpadding=\"0\">\n<tbody>\n<tr>\n<td colspan=\"9\" bgcolor=\"#666666\" height=\"1\"><img loading=\"lazy\" decoding=\"async\" src=\"http:\/\/212.60.37.143\/grafiken\/dbrown1x1.gif\" border=\"0\" width=\"1\" height=\"1\" \/><\/td>\n<\/tr>\n<\/tbody>\n<\/table>\n<p> <\/center> <\/p>\n<p><span class=\"txt-s-black\">Der Musikphilosoph Wolfgang B\u00f6hler (M.A.) studierte an der Universit\u00e4t Bern Wissenschaftstheorie, Mathematik und Musikwissenschaft. Er ist Chefredaktor des Codex flores Onlinemagazins.<\/span><\/p>\n","protected":false},"excerpt":{"rendered":"<p>Von Wolfgang B\u00f6hler \u00a0 04.03.2011 &#8212; Die Bildungs-, Kultur- und Sportdirektion des Kantons Basel-Landschaft hat das Internet als Kommunikationskanal entdeckt.&#8230;<\/p>\n","protected":false},"author":1,"featured_media":0,"comment_status":"open","ping_status":"open","sticky":false,"template":"","format":"standard","meta":{"footnotes":""},"categories":[5],"tags":[],"class_list":["post-460","post","type-post","status-publish","format-standard","hentry","category-editorials","entry"],"_links":{"self":[{"href":"https:\/\/codexflores.ch\/index.php\/wp-json\/wp\/v2\/posts\/460","targetHints":{"allow":["GET"]}}],"collection":[{"href":"https:\/\/codexflores.ch\/index.php\/wp-json\/wp\/v2\/posts"}],"about":[{"href":"https:\/\/codexflores.ch\/index.php\/wp-json\/wp\/v2\/types\/post"}],"author":[{"embeddable":true,"href":"https:\/\/codexflores.ch\/index.php\/wp-json\/wp\/v2\/users\/1"}],"replies":[{"embeddable":true,"href":"https:\/\/codexflores.ch\/index.php\/wp-json\/wp\/v2\/comments?post=460"}],"version-history":[{"count":0,"href":"https:\/\/codexflores.ch\/index.php\/wp-json\/wp\/v2\/posts\/460\/revisions"}],"wp:attachment":[{"href":"https:\/\/codexflores.ch\/index.php\/wp-json\/wp\/v2\/media?parent=460"}],"wp:term":[{"taxonomy":"category","embeddable":true,"href":"https:\/\/codexflores.ch\/index.php\/wp-json\/wp\/v2\/categories?post=460"},{"taxonomy":"post_tag","embeddable":true,"href":"https:\/\/codexflores.ch\/index.php\/wp-json\/wp\/v2\/tags?post=460"}],"curies":[{"name":"wp","href":"https:\/\/api.w.org\/{rel}","templated":true}]}}