{"id":461,"date":"2014-01-11T11:40:43","date_gmt":"2014-01-11T11:40:43","guid":{"rendered":"https:\/\/codexflores.ch\/index.php\/2014\/01\/11\/chumm-mir-goe-ga-kommissione-mache\/"},"modified":"2014-01-11T11:40:43","modified_gmt":"2014-01-11T11:40:43","slug":"chumm-mir-goe-ga-kommissione-mache","status":"publish","type":"post","link":"https:\/\/codexflores.ch\/index.php\/2014\/01\/11\/chumm-mir-goe-ga-kommissione-mache\/","title":{"rendered":"Chumm mir g\u00f6 ga Kommissione mache"},"content":{"rendered":"<p><center><em>Von Wolfgang B\u00f6hler<\/em><\/center> <\/p>\n<p><span class=\"txt-m-black\"><span class=\"txt-m-black\">\u00a0<\/span><\/span><\/p>\n<table align=\"left\">\n<tbody>\n<tr>\n<td width=\"70\"><img decoding=\"async\" src=\"http:\/\/212.60.37.143\/bilder\/kolumnewb.jpg\" border=\"0\" \/><\/td>\n<\/tr>\n<\/tbody>\n<\/table>\n<p><span class=\"txt-m-black\">11.03.2011 &#8212; Es ist eines unserer Lieblingsthemen: die Frage, wie Kulturf\u00f6rdergremien zusammengesetzt werden und nach welchen Kriterien sie faktisch entscheiden. Man kann schliesslich noch so sch\u00f6ne Theorien, Leitbilder, Grunds\u00e4tze und Konzepte auf Papier bringen \u2013 am Schluss z\u00e4hlt der individuelle F\u00f6rderentscheid, und der f\u00e4llt halt nun einfach mal in den entsprechenden Kommissionen, Stiftungsr\u00e4ten oder so. In Tat und Wahrheit f\u00fchlen sich angesichts der realexistierenden Verh\u00e4ltnisse offenbar alle irgendwie unbehaglich, der Gasdruck steigt. Der heisse Brei wird zwar noch nicht wirklich gel\u00f6ffelt, aber den L\u00f6ffel stecken einige doch schon mal rein.<\/p>\n<p> Im Rahmen der Solothurner Filmtage hat der Filmemacher Samir ein Konzept von Filmverb\u00e4nden vorgestellt, das vorschl\u00e4gt, Kommissionsmitglieder (nur mit Blick auf die Filmf\u00f6rderung nat\u00fcrlich) immer bloss f\u00fcr eine einzige Sitzung zu w\u00e4hlen. Das w\u00fcrde dazu f\u00fchren, so Samir, dass auch hochkar\u00e4tige Fachleute bereit w\u00e4ren, in Kommissionen mitzuarbeiten. Diese scheuten n\u00e4mlich in der Regel den Aufwand solcher Engagements (im Umkehrschluss muss man davon ausgehen, dass die heutigen Filmf\u00f6rder-Kommissionen bloss von zweiter Garnitur besetzt sind und damit die zweite die erste evaluiert \u2013 auch nicht ein wirklich befriedigender State of the Art of Geldverteilung). <\/p>\n<p> Am Forum Musikalische Bildung in Baden hat der Kulturmanager und fr\u00fchere Expo02-Chef Martin Heller im Januar f\u00fcr eine Vielfalt der F\u00f6rderstrukturen pl\u00e4diert: ein ganzes Instrumentarium an Giesskannen, Tr\u00f6pfelleitungen und so weiter, einfach etwas ganz anderes als die normalen Konzepte. (Die Differenz pflegt auch er zu praktizieren: Als Leiter der Europ\u00e4ischen Kulturhauptstadt Linz hat er sich autokratische Entscheidungsgewalt ausbedungen \u2013 die bekennende demokratische F\u00f6rdervielfalt ist offenbar das Kind eines passionierten Kulturv\u00f6gtleins. Vielleicht ist Heller als neuer Leiter des vornehmen Humboldtforums in Berlin deshalb ja nun vornehmlich in preussischen und nicht in Schweizer Kulturdiensten). <\/p>\n<p> In einem <a href=\"http:\/\/www.tagesanzeiger.ch\/kultur\/diverses\/Kunst-waechst-nicht-im-Glashaus-\/story\/27167819\" target=\"\" rel=\"noopener noreferrer\">Interview<\/a> mit dem Tagesanzeiger (oder der Basler Zeitung? oder war\u2019s mit der Berner Zeitung? Wie kann man das heute noch wissen?) hat sich Pro-Helvetia-Direktor Pius Kn\u00fcsel etwas von seiner Idee eines Intendantensystems anstelle von Kommissionen gel\u00f6st, das politisch in der Schweiz kaum durchsetzbar w\u00e4re. Er schl\u00e4gt daf\u00fcr vor, die F\u00f6rderverantwortung gleich ganz an die subventionierten Kultureinrichtungen zu delegieren. Die Kommissionen sollten sich daf\u00fcr mehr auf \u00abdie Arbeit am Gesamtbild, an der \u00dcbereinstimmung von sozialer Realit\u00e4t und gef\u00f6rderter Produktion zur\u00fcckziehen\u00bb k\u00f6nnen. <\/p>\n<p> In der Februarnummer des Kulturmagazins <a href=\"http:\/\/www.ensuite.ch\" target=\"\" rel=\"noopener noreferrer\">Ensuite<\/a> wiederum emp\u00f6rt sich der Kulturjournalist Lukas Vogelsang dar\u00fcber, dass \u00abin jeder Stadt eine andere Praxis angewandt\u00bb werde. Jede Kultursubventions-Institution mache, was ihr beliebe. Das missf\u00e4llt auch einigen Kulturverb\u00e4nden. Sie fordern eine Vereinheitlichung der F\u00f6rdersysteme. Dagegen wendet sich Kn\u00fcsel in dem erw\u00e4hnten Interview explizit.<\/p>\n<p> Ja, was nun? Gerne m\u00f6chte man da Goethe etwas verballhornen: Da steh\u2019n wir nun, wir arme Toren\/Und sind so klug als nie zuvoren. <\/p>\n<p> M\u00f6glicherweise gibt\u2019s f\u00fcr die Frage, wie F\u00f6rdergremien zusammengestellt werden und wie sie entscheiden, vor allem eine negative Regel: Sie sollte in erster Linie verhindern, dass sich Routine einschleicht und sich geschlossene Gesellschaften oder Filz ausbilden. Das alleine d\u00fcrfte schon eine herkulische Aufgabe werden. Ansonsten verweisen wir auf einen bew\u00e4hrten eidgen\u00f6ssischen Usus: Probiere geit \u00fcber Studiere. <\/span> <span class=\"txt-m-black\">(<em>wb<\/em>)<\/span><\/p>\n<p> <center> <\/p>\n<table style=\"width: 420px;\" summary=\"linie\" border=\"0\" cellspacing=\"0\" cellpadding=\"0\">\n<tbody>\n<tr>\n<td colspan=\"9\" bgcolor=\"#666666\" height=\"1\"><img loading=\"lazy\" decoding=\"async\" src=\"http:\/\/212.60.37.143\/grafiken\/dbrown1x1.gif\" border=\"0\" width=\"1\" height=\"1\" \/><\/td>\n<\/tr>\n<\/tbody>\n<\/table>\n<p> <\/center> <\/p>\n<p><span class=\"txt-s-black\">Der Musikphilosoph Wolfgang B\u00f6hler (M.A.) studierte an der Universit\u00e4t Bern Wissenschaftstheorie, Mathematik und Musikwissenschaft. Er ist Chefredaktor des Codex flores Onlinemagazins.<\/span><\/p>\n","protected":false},"excerpt":{"rendered":"<p>Von Wolfgang B\u00f6hler \u00a0 11.03.2011 &#8212; Es ist eines unserer Lieblingsthemen: die Frage, wie Kulturf\u00f6rdergremien zusammengesetzt werden und nach welchen&#8230;<\/p>\n","protected":false},"author":1,"featured_media":0,"comment_status":"open","ping_status":"open","sticky":false,"template":"","format":"standard","meta":{"footnotes":""},"categories":[5],"tags":[],"class_list":["post-461","post","type-post","status-publish","format-standard","hentry","category-editorials","entry"],"_links":{"self":[{"href":"https:\/\/codexflores.ch\/index.php\/wp-json\/wp\/v2\/posts\/461","targetHints":{"allow":["GET"]}}],"collection":[{"href":"https:\/\/codexflores.ch\/index.php\/wp-json\/wp\/v2\/posts"}],"about":[{"href":"https:\/\/codexflores.ch\/index.php\/wp-json\/wp\/v2\/types\/post"}],"author":[{"embeddable":true,"href":"https:\/\/codexflores.ch\/index.php\/wp-json\/wp\/v2\/users\/1"}],"replies":[{"embeddable":true,"href":"https:\/\/codexflores.ch\/index.php\/wp-json\/wp\/v2\/comments?post=461"}],"version-history":[{"count":0,"href":"https:\/\/codexflores.ch\/index.php\/wp-json\/wp\/v2\/posts\/461\/revisions"}],"wp:attachment":[{"href":"https:\/\/codexflores.ch\/index.php\/wp-json\/wp\/v2\/media?parent=461"}],"wp:term":[{"taxonomy":"category","embeddable":true,"href":"https:\/\/codexflores.ch\/index.php\/wp-json\/wp\/v2\/categories?post=461"},{"taxonomy":"post_tag","embeddable":true,"href":"https:\/\/codexflores.ch\/index.php\/wp-json\/wp\/v2\/tags?post=461"}],"curies":[{"name":"wp","href":"https:\/\/api.w.org\/{rel}","templated":true}]}}