{"id":462,"date":"2014-01-11T11:41:13","date_gmt":"2014-01-11T11:41:13","guid":{"rendered":"https:\/\/codexflores.ch\/index.php\/2014\/01\/11\/kulturschaffende-sind-sowieso-alles-linke\/"},"modified":"2014-01-11T11:41:13","modified_gmt":"2014-01-11T11:41:13","slug":"kulturschaffende-sind-sowieso-alles-linke","status":"publish","type":"post","link":"https:\/\/codexflores.ch\/index.php\/2014\/01\/11\/kulturschaffende-sind-sowieso-alles-linke\/","title":{"rendered":"Kulturschaffende sind sowieso alles Linke"},"content":{"rendered":"<p><span class=\"txt-m-black\">25.03.2011 &#8212; Rechtsb\u00fcrgerliche Kulturjournalisten (und Kolumnisten die in ihren Diensten stehen), lassen immer mal wieder gerne die Bemerkung fallen, die Kulturschaffenden in der Schweiz seien (wie alle Journalisten ausser die rechtsb\u00fcrgerlichen nat\u00fcrlich) sowieso Linke. Man kann den besserwisserischen rechtsb\u00fcrgerlichen Kulturjournalisten (alle rechtsb\u00fcrgerlichen Kulturjournalisten sind ja sowieso eitle Besserwisser) da eigentlich nur schlampige Recherche vorwerfen und sich mal daranmachen, die flapsig-applausheischende Bemerkung einem <em>Reality Check<\/em> zu unterziehen.<\/p>\n<p> Da ist zun\u00e4chst einmal das Selbstbild der Kulturschaffenden. Das scheint sich oberfl\u00e4chlich mit dem Vorwurf zu decken, denn Linke bilden gem\u00e4ss ihrem Selbstverst\u00e4ndnis den progressiven Vortrupp gesellschaftlicher Ver\u00e4nderungen (sie selber w\u00fcrden sagen \u00abVerbesserungen\u00bb) und das sollte ja auch Sinn und Zweck des Kulturschaffens sein. Oberfl\u00e4chlich ist das Argument, weil sich heute auch Rechtsb\u00fcrgerliche als Progressiv und nicht einfach mehr als Bewahrer verstehen. Die Welt der Polis ist kompliziert geworden. <\/p>\n<p> Nun zum <em>Reality Check<\/em>: Welches sind die in den letzten Monaten oder Jahren sichtbar gewordenen Anliegen der Kulturschaffenden an die Politik?<\/p>\n<p> Sie verhindern die Dynamisierung der Energiepolitik mit Festhalten an Postulaten des Heimatschutzes, die dem Alten (und manchmal auch nur dem Gewohnten und Liebgewonnenen) weit mehr sch\u00fctzenswerten Status zugestehen als m\u00f6glichen Antworten auf die Herausforderungen der Zukunft.<\/p>\n<p> Sie betreiben mit dem Dringen auf Buchpreisbindung nostalgische Strukturerhaltung in der Kulturwirtschaft.<\/p>\n<p> Sie beklagen sich dar\u00fcber, dass eine aus dem 19. Jahrhundert stammende Kunstkommission nicht mehr Liebeinzelkind der Bundeskulturf\u00f6rderung ist.<\/p>\n<p> Sie legen sich vor allem f\u00fcr die soziale Sicherheit der Kulturschaffenden ins Zeug \u2013 auch nicht gerade Zeugnis existenzieller Risikofreudigkeit. <\/p>\n<p> Und wo sind typisch linkes Engagement und Zukunftsprojekte? Ach ja, da gibt es den Verein <em>Kunst+Politik<\/em>, dessen Exponenten auf Auftritte in den \u00f6ffentlich-rechtlichen Medien abonniert scheinen. Der hat sich allerdings in die Postulate der Rechtsb\u00fcrgerlichen verbissen.<\/p>\n<p> Er gibt deren von irrationaler Aufgeregtheit gepr\u00e4gten Ausl\u00e4nderpolitik eine exzellente Plattform, indem er eine Stimmung beschw\u00f6rt, als st\u00fcnden wir kurz vor der Demontage jeglicher politischer Kultur und als w\u00e4ren es die Rechtsb\u00fcrgerlichen, die in der Schweizer Politik die Relevanz der Themen definierten. Damit passt der Verein hervorragend ins Politmarketing-Konzept der rechten Populisten (Der Urlinke Lenin h\u00e4tte sein Wirken wohl als dasjenige n\u00fctzlicher Idioten bezeichnet).<\/p>\n<p> Die Kulturschaffenden in der Schweiz sind alle links? Sch\u00f6n w\u00e4r\u2019s. Blickt man etwas genauer hin, sagt das Bauchgef\u00fchl etwas anderes: Die Kulturschaffenden in der Schweiz sind bis auf die Knochen konservativ oder Erf\u00fcllungsgehilfen rechten Politmarketings. Eigentlich seltsam, dass die \u00abWeltwoche\u00bb, die ja immer gerne das Gegenteil von dem behauptet, was sie als g\u00e4ngige Meinung zu identifizieren glaubt, noch keine Titelgeschichte in diesem Sinn und Geist gemacht hat.<\/p>\n<p> Kann es daran liegen, dass die \u00abWeltwoche\u00bb \u2013 was ihre Funktion in der Politlandschaft angeht \u2013 im Grunde die gleiche Funktion erf\u00fcllt wie der Verein <em>Kunst+Politik<\/em>? <\/span> <span class=\"txt-m-black\">(<em>wb<\/em>)<\/span><\/p>\n<p> <center> <\/p>\n<table style=\"width: 420px;\" summary=\"linie\" border=\"0\" cellspacing=\"0\" cellpadding=\"0\">\n<tbody>\n<tr>\n<td colspan=\"9\" bgcolor=\"#666666\" height=\"1\"><img loading=\"lazy\" decoding=\"async\" src=\"http:\/\/212.60.37.143\/grafiken\/dbrown1x1.gif\" border=\"0\" width=\"1\" height=\"1\" \/><\/td>\n<\/tr>\n<\/tbody>\n<\/table>\n<p> <\/center> <\/p>\n<p><span class=\"txt-s-black\">Der Musikphilosoph Wolfgang B\u00f6hler (M.A.) studierte an der Universit\u00e4t Bern Wissenschaftstheorie, Mathematik und Musikwissenschaft. Er ist Chefredaktor des Codex flores Onlinemagazins.<\/span><\/p>\n","protected":false},"excerpt":{"rendered":"<p>25.03.2011 &#8212; Rechtsb\u00fcrgerliche Kulturjournalisten (und Kolumnisten die in ihren Diensten stehen), lassen immer mal wieder gerne die Bemerkung fallen, die&#8230;<\/p>\n","protected":false},"author":1,"featured_media":0,"comment_status":"open","ping_status":"open","sticky":false,"template":"","format":"standard","meta":{"footnotes":""},"categories":[5],"tags":[],"class_list":["post-462","post","type-post","status-publish","format-standard","hentry","category-editorials","entry"],"_links":{"self":[{"href":"https:\/\/codexflores.ch\/index.php\/wp-json\/wp\/v2\/posts\/462","targetHints":{"allow":["GET"]}}],"collection":[{"href":"https:\/\/codexflores.ch\/index.php\/wp-json\/wp\/v2\/posts"}],"about":[{"href":"https:\/\/codexflores.ch\/index.php\/wp-json\/wp\/v2\/types\/post"}],"author":[{"embeddable":true,"href":"https:\/\/codexflores.ch\/index.php\/wp-json\/wp\/v2\/users\/1"}],"replies":[{"embeddable":true,"href":"https:\/\/codexflores.ch\/index.php\/wp-json\/wp\/v2\/comments?post=462"}],"version-history":[{"count":0,"href":"https:\/\/codexflores.ch\/index.php\/wp-json\/wp\/v2\/posts\/462\/revisions"}],"wp:attachment":[{"href":"https:\/\/codexflores.ch\/index.php\/wp-json\/wp\/v2\/media?parent=462"}],"wp:term":[{"taxonomy":"category","embeddable":true,"href":"https:\/\/codexflores.ch\/index.php\/wp-json\/wp\/v2\/categories?post=462"},{"taxonomy":"post_tag","embeddable":true,"href":"https:\/\/codexflores.ch\/index.php\/wp-json\/wp\/v2\/tags?post=462"}],"curies":[{"name":"wp","href":"https:\/\/api.w.org\/{rel}","templated":true}]}}