{"id":468,"date":"2014-01-11T11:47:28","date_gmt":"2014-01-11T11:47:28","guid":{"rendered":"https:\/\/codexflores.ch\/index.php\/2014\/01\/11\/pius-knuesels-plaene-fuers-crowd-financing\/"},"modified":"2014-01-11T11:47:28","modified_gmt":"2014-01-11T11:47:28","slug":"pius-knuesels-plaene-fuers-crowd-financing","status":"publish","type":"post","link":"https:\/\/codexflores.ch\/index.php\/2014\/01\/11\/pius-knuesels-plaene-fuers-crowd-financing\/","title":{"rendered":"Pius Kn\u00fcsels Pl\u00e4ne f\u00fcrs \u00abCrowd Financing\u00bb"},"content":{"rendered":"<p><center><em>Von Wolfgang B\u00f6hler<\/em><\/center> <\/p>\n<p><span class=\"txt-m-black\"><span class=\"txt-m-black\">\u00a0<\/span><\/span><\/p>\n<table align=\"left\">\n<tbody>\n<tr>\n<td width=\"70\"><img decoding=\"async\" src=\"http:\/\/212.60.37.143\/bilder\/kolumnewb.jpg\" border=\"0\" \/><\/td>\n<\/tr>\n<\/tbody>\n<\/table>\n<p><span class=\"txt-m-black\">08.06.2011 &#8212; Das gibt\u2019s ja selten, dass eine Schweizer F\u00f6rderinstitution eine andere \u00f6ffentlich dazu auffordert, ein strategisches Zukunfts-Projekt gemeinsam aufzugleisen. Pro-Helvetia-Direktor Pius Kn\u00fcsel hat\u2019s mit dem Migros Kulturprozent getan. Deuten sich da fr\u00fch Umw\u00e4lzungen in der Kulturfinanzierung an? <\/p>\n<p> Der Reihe nach: In Aarau hat \u00abM\u00e9nage\u00bb, das Programm der Pro Helvetia zur Anregung des Dialogs zwischen Kultur und Politik, eine Abschlussveranstaltung durchgef\u00fchrt. Pius Kn\u00fcsel philosophierte dabei \u00fcber die Eigenheiten der Schweizer Kulturfinanzierung, die sich mit ihrem speziellen Modell der privaten Stiftungen irgendwo \u00abzwischen der amerikanischen Geber-Mentalit\u00e4t und einem franz\u00f6sischen staatlichen Steuersystem\u00bb situiere.<\/p>\n<p> Er gab zu bedenken, dass die Schweizer grossz\u00fcgig seien, wenn es darum gehe, Projekte aufzugleisen oder am Leben zu erhalten \u2013 vor allem im sozialen Bereich. Er k\u00f6nne sich deshalb vorstellen, dass sich innovative gemeinschaftliche Finanzierungsmodelle, wie sie in Amerika recht gut funktionierten, auch hier einf\u00fchren liessen. Der Pro-Helvetia-Direktor denkt dabei vor allem an die sogenannte \u00abSchwarmfinanzierung\u00bb (englisch: \u00abCrowd Financing\u00bb).<\/p>\n<p> Kapitalsuchende stellen dabei auf Internetplattformen ihre Projekte vor, und beliebig viele potentielle Kapitalgeber k\u00f6nnen diesen beliebig kleine oder grosse Beitr\u00e4ge zusichern. Das Geld wird dem Projekt erst ausbezahlt, wenn eine Mindestkapitalmenge erreicht wird. Findet ein Projekt nicht gen\u00fcgend Interesse, k\u00f6nnen die zugesicherten Gelder an weitere Projekte vergeben werden. <\/p>\n<p> Philippe Bischof, der Leiter der Abteilung Kultur im Pr\u00e4sidialdepartement Basel-Stadt, der ebenfalls am Podium teilnahm, war gerade aus Berlin zur\u00fcckgegekehrt, wo er am Kongress \u00abnetz.macht.kultur \u2013 Kulturpolitik in der digitalen Gesellschaft\u00bb teilgenommen hatte. Dort, so Bischof, sei Schwarmfinanzierung ebenfalls ein Thema gewesen, und es habe sogar Branchenbeobachter gegeben, die sich dort h\u00e4tten vorstellen k\u00f6nnen, mit dem Modell riesige Unternehmungen wie den Film \u00abTitanic\u00bb zu realisieren. Es habe das Potential, die Kulturlandschaft vollkommen zu ver\u00e4ndern.<\/p>\n<p> Kn\u00fcsel bekr\u00e4ftigte, dass Pro Helvetia solche Initiativen in der Schweiz unterst\u00fctzen werde. Ja, und dann adressierte er eben direkt die ebenfalls anwesende Hedy Graber, die Leiterin Direktion Kultur und Soziales des Migros Genossenschafts-Bundes, und erkl\u00e4rte, dass das \u00abso eine klassische Kooperation Pro Helvetia\/Migros sein k\u00f6nnte\u00bb. Die etwas \u00fcberrumpelte Kulturprozent-Chefin wollte sich da allerdings nicht festlegen.<\/p>\n<p> Nun, Schwarmfinanzierung hat m\u00f6glicherweise die Sexyness und Originalit\u00e4t, um zum n\u00e4chsten grossen Ding in der Kulturfinanzierung zu werden. Da sind wir mal gespannt, wie das in der Familie der Schweizer F\u00f6rderinstitutionen weiter g\u00e4ren wird. <\/span> <span class=\"txt-m-black\">(<em>wb<\/em>)<\/span><\/p>\n<p> <center> <\/p>\n<table style=\"width: 420px;\" summary=\"linie\" border=\"0\" cellspacing=\"0\" cellpadding=\"0\">\n<tbody>\n<tr>\n<td colspan=\"9\" bgcolor=\"#666666\" height=\"1\"><img loading=\"lazy\" decoding=\"async\" src=\"http:\/\/212.60.37.143\/grafiken\/dbrown1x1.gif\" border=\"0\" width=\"1\" height=\"1\" \/><\/td>\n<\/tr>\n<\/tbody>\n<\/table>\n<p> <\/center> <\/p>\n<p><span class=\"txt-s-black\">Der Musikphilosoph Wolfgang B\u00f6hler (M.A.) studierte an der Universit\u00e4t Bern Wissenschaftstheorie, Mathematik und Musikwissenschaft. Er ist Chefredaktor des Codex flores Onlinemagazins.<\/span><\/p>\n","protected":false},"excerpt":{"rendered":"<p>Von Wolfgang B\u00f6hler \u00a0 08.06.2011 &#8212; Das gibt\u2019s ja selten, dass eine Schweizer F\u00f6rderinstitution eine andere \u00f6ffentlich dazu auffordert, ein&#8230;<\/p>\n","protected":false},"author":1,"featured_media":0,"comment_status":"open","ping_status":"open","sticky":false,"template":"","format":"standard","meta":{"footnotes":""},"categories":[5],"tags":[],"class_list":["post-468","post","type-post","status-publish","format-standard","hentry","category-editorials","entry"],"_links":{"self":[{"href":"https:\/\/codexflores.ch\/index.php\/wp-json\/wp\/v2\/posts\/468","targetHints":{"allow":["GET"]}}],"collection":[{"href":"https:\/\/codexflores.ch\/index.php\/wp-json\/wp\/v2\/posts"}],"about":[{"href":"https:\/\/codexflores.ch\/index.php\/wp-json\/wp\/v2\/types\/post"}],"author":[{"embeddable":true,"href":"https:\/\/codexflores.ch\/index.php\/wp-json\/wp\/v2\/users\/1"}],"replies":[{"embeddable":true,"href":"https:\/\/codexflores.ch\/index.php\/wp-json\/wp\/v2\/comments?post=468"}],"version-history":[{"count":0,"href":"https:\/\/codexflores.ch\/index.php\/wp-json\/wp\/v2\/posts\/468\/revisions"}],"wp:attachment":[{"href":"https:\/\/codexflores.ch\/index.php\/wp-json\/wp\/v2\/media?parent=468"}],"wp:term":[{"taxonomy":"category","embeddable":true,"href":"https:\/\/codexflores.ch\/index.php\/wp-json\/wp\/v2\/categories?post=468"},{"taxonomy":"post_tag","embeddable":true,"href":"https:\/\/codexflores.ch\/index.php\/wp-json\/wp\/v2\/tags?post=468"}],"curies":[{"name":"wp","href":"https:\/\/api.w.org\/{rel}","templated":true}]}}