{"id":471,"date":"2014-01-11T11:48:58","date_gmt":"2014-01-11T11:48:58","guid":{"rendered":"https:\/\/codexflores.ch\/index.php\/2014\/01\/11\/kunst-und-religion-iii-musik-und-kirche\/"},"modified":"2014-01-11T11:48:58","modified_gmt":"2014-01-11T11:48:58","slug":"kunst-und-religion-iii-musik-und-kirche","status":"publish","type":"post","link":"https:\/\/codexflores.ch\/index.php\/2014\/01\/11\/kunst-und-religion-iii-musik-und-kirche\/","title":{"rendered":"Kunst und Religion III: Musik und Kirche"},"content":{"rendered":"<p><center><em>Von Wolfgang B\u00f6hler<\/em><\/center> <\/p>\n<p><span class=\"txt-m-black\"><span class=\"txt-m-black\">\u00a0<\/span><\/span><\/p>\n<table align=\"left\">\n<tbody>\n<tr>\n<td width=\"70\"><img decoding=\"async\" src=\"http:\/\/212.60.37.143\/bilder\/kolumnewb.jpg\" border=\"0\" \/><\/td>\n<\/tr>\n<\/tbody>\n<\/table>\n<p><span class=\"txt-m-black\">29.07.2011 &#8212; Wer heute \u00fcber das Verh\u00e4ltnis von Kunst und Religion nachdenkt, kommt an einem Thema nat\u00fcrlich nicht vorbei: religi\u00f6se Kunst, respektive \u2013 wenn\u2019s um die Musik geht \u2013 Kirchenmusik. Diesen Mai hat das P\u00e4pstliche Institut f\u00fcr Kirchenmusik sein 100-Jahre-Jubil\u00e4um gefeiert, und der Papst hat sich zu diesem Anlass in einem Brief gegen\u00fcber Zenon Kardinal Grocholewski, dem Grosskanzler des Institutes, \u00fcber seine Vorstellungen zur Kirchenmusik ge\u00e4ussert. Die Grussnote ist \u00fcberaus wolkig formuliert. Man weiss, dass Benedikt mit modernen und popul\u00e4reren Formen des Musizierens seine liebe M\u00fche hat. Allerdings scheint er sich zu h\u00fcten, sich da allzusehr auf die \u00c4ste hinaus zu lassen. <\/p>\n<p> Religi\u00f6se Interessensvereinigungen laden musikalische Formen und \u00c4usserungen nicht nur mit \u00e4sthetischen, sondern auch mit moralischen Werten auf. Das f\u00fchrt immer wieder zu Konflikten. Etwa als vor einigen Jahren in Augsburg W\u00fcrdentr\u00e4ger in katholischen Kirchen Auftritte nichtchristlicher Ensembles unterbanden, oder als das tschechische Bistum Br\u00fcnn die Auff\u00fchrung von Werken Mahlers in der Kirche verhinderte. <\/p>\n<p> Weitaus drastischer sind Verbote in Staaten ohne klare Trennung religi\u00f6ser und politischer F\u00fchrung. Da k\u00f6nnen gar Feldz\u00fcge gegen Musik \u00fcberhaupt gef\u00fchrt werden. So hat Irans oberster Geistlicher vor einiger Zeit bekr\u00e4ftigt, dass Musik \u00abmit den Werten der islamischen Republik Iran unvereinbar\u00bb sei. <\/p>\n<p> Letztes Jahr hat die islamistische Gruppe Hizbul Islam, die grosse Teile Somalias kontrolliert, den privaten Radiostationen in der Hauptstadt Mogadischu untersagt, Musik zu senden. Und im von den Taliban kontrollierten Nordosten Pakistans sind vor zwei Jahren Mitglieder einer Musikgruppe demonstrativ ermordet worden. Perfid waren Attent\u00e4ter in der Gegend, die vorgaben, eine T\u00e4nzerin als K\u00fcnstlerin engagieren zu wollen. Sie erschossen sie und stellten die Leiche \u00f6ffentlich aus. <\/p>\n<p> Es ist gut, wenn religi\u00f6se Gruppen keine Definitionsmacht \u00fcber die Musik mehr haben k\u00f6nnen. Die typisch religi\u00f6se Verbindung von Emotion, Werten und Regeln hat allerdings im Lauf der Jahrhunderte in der Musikgeschichte auch eine starke formbildende Kraft gehabt. Man denke an Monumente wie das Messe-Ordinarium, das System der Ragas in Indien, die Rhythmen der afroamerikanischen Religionen in Brasilien oder Kuba, das Shakuhachi-Repertoire in Japan oder die arabischen Maqam.<\/p>\n<p> Dazu fehlen heute s\u00e4kulare Pendants. Musiktheorie ist zur ausdrucksbereinigten Strukturtheorie reduziert worden. M\u00f6glicherweise w\u00e4re der aus dem Blick geratene Zukunftsweg der Musik, die nicht mehr wahrnehmbare Weiterentwicklung der klingenden Kunst in der Formulierung einer weltlichen (und wissenschaftlich fundierten) Systematik der Emotionalit\u00e4t zu finden? <\/span> <span class=\"txt-m-black\">(<em>wb<\/em>)<\/span><\/p>\n<p> <center> <\/p>\n<table style=\"width: 420px;\" summary=\"linie\" border=\"0\" cellspacing=\"0\" cellpadding=\"0\">\n<tbody>\n<tr>\n<td colspan=\"9\" bgcolor=\"#666666\" height=\"1\"><img loading=\"lazy\" decoding=\"async\" src=\"http:\/\/212.60.37.143\/grafiken\/dbrown1x1.gif\" border=\"0\" width=\"1\" height=\"1\" \/><\/td>\n<\/tr>\n<\/tbody>\n<\/table>\n<p> <\/center> <\/p>\n<p><span class=\"txt-s-black\">Der Musikphilosoph Wolfgang B\u00f6hler (M.A.) studierte an der Universit\u00e4t Bern Wissenschaftstheorie, Mathematik und Musikwissenschaft. Er ist Chefredaktor des Codex flores Onlinemagazins.<\/span><\/p>\n","protected":false},"excerpt":{"rendered":"<p>Von Wolfgang B\u00f6hler \u00a0 29.07.2011 &#8212; Wer heute \u00fcber das Verh\u00e4ltnis von Kunst und Religion nachdenkt, kommt an einem Thema&#8230;<\/p>\n","protected":false},"author":1,"featured_media":0,"comment_status":"open","ping_status":"open","sticky":false,"template":"","format":"standard","meta":{"footnotes":""},"categories":[5],"tags":[],"class_list":["post-471","post","type-post","status-publish","format-standard","hentry","category-editorials","entry"],"_links":{"self":[{"href":"https:\/\/codexflores.ch\/index.php\/wp-json\/wp\/v2\/posts\/471","targetHints":{"allow":["GET"]}}],"collection":[{"href":"https:\/\/codexflores.ch\/index.php\/wp-json\/wp\/v2\/posts"}],"about":[{"href":"https:\/\/codexflores.ch\/index.php\/wp-json\/wp\/v2\/types\/post"}],"author":[{"embeddable":true,"href":"https:\/\/codexflores.ch\/index.php\/wp-json\/wp\/v2\/users\/1"}],"replies":[{"embeddable":true,"href":"https:\/\/codexflores.ch\/index.php\/wp-json\/wp\/v2\/comments?post=471"}],"version-history":[{"count":0,"href":"https:\/\/codexflores.ch\/index.php\/wp-json\/wp\/v2\/posts\/471\/revisions"}],"wp:attachment":[{"href":"https:\/\/codexflores.ch\/index.php\/wp-json\/wp\/v2\/media?parent=471"}],"wp:term":[{"taxonomy":"category","embeddable":true,"href":"https:\/\/codexflores.ch\/index.php\/wp-json\/wp\/v2\/categories?post=471"},{"taxonomy":"post_tag","embeddable":true,"href":"https:\/\/codexflores.ch\/index.php\/wp-json\/wp\/v2\/tags?post=471"}],"curies":[{"name":"wp","href":"https:\/\/api.w.org\/{rel}","templated":true}]}}