{"id":486,"date":"2014-01-11T11:56:55","date_gmt":"2014-01-11T11:56:55","guid":{"rendered":"https:\/\/codexflores.ch\/index.php\/2014\/01\/11\/sinneswandel-bei-den-buergerlichen\/"},"modified":"2014-01-11T11:56:55","modified_gmt":"2014-01-11T11:56:55","slug":"sinneswandel-bei-den-buergerlichen","status":"publish","type":"post","link":"https:\/\/codexflores.ch\/index.php\/2014\/01\/11\/sinneswandel-bei-den-buergerlichen\/","title":{"rendered":"Sinneswandel bei den B\u00fcrgerlichen?"},"content":{"rendered":"<p><center><em>Von Wolfgang B\u00f6hler<\/em><\/center> <\/p>\n<p><span class=\"txt-m-black\"><span class=\"txt-m-black\">\u00a0<\/span><\/span><\/p>\n<table align=\"left\">\n<tbody>\n<tr>\n<td width=\"70\"><img decoding=\"async\" src=\"http:\/\/212.60.37.143\/bilder\/kolumnewb.jpg\" border=\"0\" \/><\/td>\n<\/tr>\n<\/tbody>\n<\/table>\n<p><span class=\"txt-m-black\">09.03.2012 &#8212; Es ist ja selten, dass uns in Sachen Kulturpolitik freudiges Erstaunen \u00fcberf\u00e4llt, wenn\u2019s ums \u00abalte\u00bb Geld geht. Die staatstragenden b\u00fcrgerlichen Institutionen in der Schweiz f\u00f6rdern in Sachen Kultur in der Regel Heimatsch\u00fctzerisches und Repr\u00e4sentatives, das den Wohlstand der Oberen Mittelklasse unter den Eidgenossen unterstreicht \u2013 also eher Dinge, die dem Stand selber n\u00fctzen und weniger der Kunst. Und nun das: Die Berner Burgergemeinde \u2013 bisher nicht gerade die Verk\u00f6rperung kreativer Risikofreudigkeit, \u00fcbergibt in Form ihres Kulturpreises dem Progr, einem jungen, politisch k\u00e4mpferischen und verspielten Kreativzentrum in Bern, die nicht geringe Summe von 100&#8217;000 Franken in Form ihres Kulturpreises.<\/p>\n<p> Im Gegensatz zu fr\u00fcher sei man heute bestrebt, junge und weniger etablierte Institutionen und Projekte auszuzeichnen, die noch am Wachsen seien, so der Burgergemeindepr\u00e4sident Rolf D\u00e4hler laut Berichterstattungen in der Lokalpresse. Das ist nicht zuletzt deshalb ein starkes Bekenntnis, weil b\u00fcrgerliche Kreise noch vor wenigen Jahren versucht hatten, die Kreativen aus dem Haus zu vertreiben und dieses als \u00abGesundheits-, Bildungs- und Kulturzentrum\u00bb unter eigene Kontrolle zu bringen. Die Berner Stimmb\u00fcrger, die sich regelm\u00e4ssig f\u00fcr kreative Freir\u00e4ume aussprechen (auch im Fall des autonomen Kulturzentrums Reithalle) haben dem einen Riegel geschoben.<\/p>\n<p> Der Progr bietet (\u00e4hnlich wie in Z\u00fcrich das Basislager) eine Konzentration erschwinglicher Atelier- und Prober\u00e4ume mit Begegungszonen, in der nicht mit Architektur und ornamentalem Klimbim geklotzt wird, sondern findige T\u00fcftler frei atmen k\u00f6nnen, ohne dass gleich irgendwelche Controller in ihren Kleinstunternehmen mit dem Finger durch Buchaltungslisten gleiten und nachrechnen, ob denn auch ja keine Staatsressourcen verschwendet werden. <\/p>\n<p> Die Modelle haben Zukunft: Staat und b\u00fcrgerliche Zivilgesellschaft sollten es weitestgehend den Kreativen \u00fcberlassen, welche Interessen sie verfolgen wollen, welche Werke sie schaffen, welche Entdeckungen sie machen wollen. Sie sollten daf\u00fcr Infrastrukturen zur Verf\u00fcgung stellen, die nicht zu Repr\u00e4sentationszwecken hochgezogen werden, sondern Freir\u00e4ume schaffen: Ateliers, R\u00e4ume f\u00fcr performative Experimente, Klangk\u00f6rper, Studios, Netzwerke und so weiter. <\/p>\n<p> Der Kulturpreis der Burgergemeinde an den Progr ist ein Zeichen daf\u00fcr, dass man im b\u00fcrgerlichen Lager sich etwas von der Paranoia zu befreien beginnt, wonach mit der F\u00f6rderung von K\u00fcnstlern und anderen Kreativen gleich T\u00fcr und Tor ge\u00f6ffnet werden, um Recht und Ordnung zu untergraben, den Staat zu zersetzen und Revolutionen auszurufen. <\/p>\n<p> Statt Bedrohungen sehen die staatstragenden Kreise im Ausbr\u00fcten neuer Ideen und Sichtweisen auf die Welt offenbar mehr und mehr Chancen. Wenn das nicht ein Grund zum Feiern ist! Vielleicht mit einem guten Tropfen aus einer Staatskellerei? <\/span> <span class=\"txt-m-black\">(<em>cf<\/em>)<\/span><\/p>\n<p> <center> <\/p>\n<table style=\"width: 420px;\" summary=\"linie\" border=\"0\" cellspacing=\"0\" cellpadding=\"0\">\n<tbody>\n<tr>\n<td colspan=\"9\" bgcolor=\"#666666\" height=\"1\"><img loading=\"lazy\" decoding=\"async\" src=\"http:\/\/212.60.37.143\/grafiken\/dbrown1x1.gif\" border=\"0\" width=\"1\" height=\"1\" \/><\/td>\n<\/tr>\n<\/tbody>\n<\/table>\n<p> <\/center> <\/p>\n<p><span class=\"txt-s-black\">Der Musikphilosoph Wolfgang B\u00f6hler (M.A.) studierte an der Universit\u00e4t Bern Wissenschaftstheorie, Mathematik und Musikwissenschaft. Er ist Chefredaktor des Codex flores Onlinemagazins.<\/span><\/p>\n","protected":false},"excerpt":{"rendered":"<p>Von Wolfgang B\u00f6hler \u00a0 09.03.2012 &#8212; Es ist ja selten, dass uns in Sachen Kulturpolitik freudiges Erstaunen \u00fcberf\u00e4llt, wenn\u2019s ums&#8230;<\/p>\n","protected":false},"author":1,"featured_media":0,"comment_status":"open","ping_status":"open","sticky":false,"template":"","format":"standard","meta":{"footnotes":""},"categories":[5],"tags":[],"class_list":["post-486","post","type-post","status-publish","format-standard","hentry","category-editorials","entry"],"_links":{"self":[{"href":"https:\/\/codexflores.ch\/index.php\/wp-json\/wp\/v2\/posts\/486","targetHints":{"allow":["GET"]}}],"collection":[{"href":"https:\/\/codexflores.ch\/index.php\/wp-json\/wp\/v2\/posts"}],"about":[{"href":"https:\/\/codexflores.ch\/index.php\/wp-json\/wp\/v2\/types\/post"}],"author":[{"embeddable":true,"href":"https:\/\/codexflores.ch\/index.php\/wp-json\/wp\/v2\/users\/1"}],"replies":[{"embeddable":true,"href":"https:\/\/codexflores.ch\/index.php\/wp-json\/wp\/v2\/comments?post=486"}],"version-history":[{"count":0,"href":"https:\/\/codexflores.ch\/index.php\/wp-json\/wp\/v2\/posts\/486\/revisions"}],"wp:attachment":[{"href":"https:\/\/codexflores.ch\/index.php\/wp-json\/wp\/v2\/media?parent=486"}],"wp:term":[{"taxonomy":"category","embeddable":true,"href":"https:\/\/codexflores.ch\/index.php\/wp-json\/wp\/v2\/categories?post=486"},{"taxonomy":"post_tag","embeddable":true,"href":"https:\/\/codexflores.ch\/index.php\/wp-json\/wp\/v2\/tags?post=486"}],"curies":[{"name":"wp","href":"https:\/\/api.w.org\/{rel}","templated":true}]}}