{"id":493,"date":"2014-01-11T12:00:39","date_gmt":"2014-01-11T12:00:39","guid":{"rendered":"https:\/\/codexflores.ch\/index.php\/2014\/01\/11\/kuenstler-und-politiker-i-aehnlichkeiten\/"},"modified":"2014-01-11T12:00:39","modified_gmt":"2014-01-11T12:00:39","slug":"kuenstler-und-politiker-i-aehnlichkeiten","status":"publish","type":"post","link":"https:\/\/codexflores.ch\/index.php\/2014\/01\/11\/kuenstler-und-politiker-i-aehnlichkeiten\/","title":{"rendered":"K\u00fcnstler und Politiker I: \u00c4hnlichkeiten"},"content":{"rendered":"<p><center><em>Von Wolfgang B\u00f6hler<\/em><\/center> <\/p>\n<p><span class=\"txt-m-black\"><span class=\"txt-m-black\">\u00a0<\/span><\/span><\/p>\n<table align=\"left\">\n<tbody>\n<tr>\n<td width=\"70\"><img decoding=\"async\" src=\"http:\/\/212.60.37.143\/bilder\/kolumnewb.jpg\" border=\"0\" \/><\/td>\n<\/tr>\n<\/tbody>\n<\/table>\n<p><span class=\"txt-m-black\">29.06.2012 &#8212; Man k\u00f6nnte meinen, die Gesch\u00e4fte von Kunst und Politik unterschieden sich grunds\u00e4tzlich: Hie arbeiten an den hehren Idealen des Sch\u00f6nen, Guten und Wahren, da opportunistisches W\u00fchlen in den Niederungen der Macht. Hat nat\u00fcrlich etwas f\u00fcr sich. Ist aber bloss die halbe Wahrheit. Politiker und K\u00fcnstler haben n\u00e4mlich das gleiche Problem: Ob ihre Werke Wirkung zeigen, zeigt sich in der Regel erst, wenn sie im Alters- und Pflegeheim gemeinsam einen Jass klopfen oder schon nicht mehr unter den Lebendigen weilen. Im zweiten Fall w\u00e4re das eine besonders frustrierende Erfahrung, bliebe sie einem aus naheliegenden Gr\u00fcnden nicht erspart. Der Tod hat auch seine guten Seiten.<\/p>\n<p> Im Grunde genommen macht die verz\u00f6gerte Langzeitwirkung ihres Schaffens Kreative und Arbeiter im Dienste des Souver\u00e4ns zu Br\u00fcdern und Schwestern im Geiste: Tun sie <em>das Richtige<\/em>, werden die einen abgew\u00e4hlt und ihre Nachfolger ernten die Fr\u00fcchte; die andern sterben und ihre Agenten halten sich am Erbe schadlos. Erlegen sie dem Reiz der schnellen Wirkung, geben beide (wissentlich) die Wahrheit preis. Dumm, dumm. <\/p>\n<p> Beide machen also die Erfahrung, dass Leistung und Belohnung nicht wie beim einfachen Reiz-Reaktionsschema unmittelbar aufeinander folgen. Ob die einen bei den andern etwas abschauen k\u00f6nnen, wie man damit umgeht? <\/p>\n<p> Man neigt dazu, Politikern da weniger Souver\u00e4nit\u00e4t zuzuschreiben. Weil sie wieder gew\u00e4hlt werden wollen, entscheiden sie sich f\u00fcr Aktivismus in Sachen schnelle und \u00f6ffentlichkeitswirksame (Schein-)l\u00f6sungen und Liegenlassen langfristiger Probleme \u2013 so das Klischee. Der K\u00fcnstler wiederum schaffe bloss seinem Gewissen folgend und lehne Auftr\u00e4ge ab, die Geld und Beachtung einbringen, aber (f\u00fcr ihn) k\u00fcnstlerisch uninteressant seien \u2013 so das Klischee. <\/p>\n<p> Man kann aber auch Verst\u00e4ndnis haben f\u00fcr die Attit\u00fcde der Politiker, denn ihre Arbeit zielt ganz auf <em>Wirkung<\/em> ab, und da Prognosen bekanntermassen schwierig sind (von wegen Zukunft und so), bleibt der schnell sich zeigende Effekt der einzige zuverl\u00e4ssige Massstab des Erfolgs ihrer Bem\u00fchungen. Demgegen\u00fcber zielt die Arbeit der K\u00fcnstler auf Verstehen ab. Da kann einer seinem Werk gegen\u00fcber durchaus ratlos stehen und darauf hoffen, dass sp\u00e4tere Generationen erst begreifen, was er eigentlich geschaffen hat. <\/p>\n<p> Auf alle F\u00e4lle sind beide pers\u00f6nlich gefordert, ihrem eigenen Gewissen und ihrer eigenen Integrit\u00e4t mehr zu folgen, als dem allzumenschlichen Bed\u00fcrfnis nach sofortiger Rekompensation \u2013 dem sogenannten Applaus \u2013 zu folgen. Mehr noch: in einer Zeit der \u00abAlles sofort, hier und jetzt\u00bb-Mentalit\u00e4t sollten sie daran erinnern, dass alles seine Zeit braucht, ob gesunde Staatsfinanzen und Wettbwerbesf\u00e4higkeit oder die Akzeptanz k\u00fchner Gestaltungsprinzipien und Perspektiven der Weltwahrnehmung. <\/span> <span class=\"txt-m-black\">(<em>wb<\/em>)<\/span><\/p>\n<p> <center> <\/p>\n<table style=\"width: 420px;\" summary=\"linie\" border=\"0\" cellspacing=\"0\" cellpadding=\"0\">\n<tbody>\n<tr>\n<td colspan=\"9\" bgcolor=\"#666666\" height=\"1\"><img loading=\"lazy\" decoding=\"async\" src=\"http:\/\/212.60.37.143\/grafiken\/dbrown1x1.gif\" border=\"0\" width=\"1\" height=\"1\" \/><\/td>\n<\/tr>\n<\/tbody>\n<\/table>\n<p> <\/center> <\/p>\n<p><span class=\"txt-s-black\">Der Musikphilosoph Wolfgang B\u00f6hler (M.A.) studierte an der Universit\u00e4t Bern Wissenschaftstheorie, Mathematik und Musikwissenschaft. Er ist Chefredaktor des Codex flores Onlinemagazins.<\/span><\/p>\n","protected":false},"excerpt":{"rendered":"<p>Von Wolfgang B\u00f6hler \u00a0 29.06.2012 &#8212; Man k\u00f6nnte meinen, die Gesch\u00e4fte von Kunst und Politik unterschieden sich grunds\u00e4tzlich: Hie arbeiten&#8230;<\/p>\n","protected":false},"author":1,"featured_media":0,"comment_status":"open","ping_status":"open","sticky":false,"template":"","format":"standard","meta":{"footnotes":""},"categories":[5],"tags":[],"class_list":["post-493","post","type-post","status-publish","format-standard","hentry","category-editorials","entry"],"_links":{"self":[{"href":"https:\/\/codexflores.ch\/index.php\/wp-json\/wp\/v2\/posts\/493","targetHints":{"allow":["GET"]}}],"collection":[{"href":"https:\/\/codexflores.ch\/index.php\/wp-json\/wp\/v2\/posts"}],"about":[{"href":"https:\/\/codexflores.ch\/index.php\/wp-json\/wp\/v2\/types\/post"}],"author":[{"embeddable":true,"href":"https:\/\/codexflores.ch\/index.php\/wp-json\/wp\/v2\/users\/1"}],"replies":[{"embeddable":true,"href":"https:\/\/codexflores.ch\/index.php\/wp-json\/wp\/v2\/comments?post=493"}],"version-history":[{"count":0,"href":"https:\/\/codexflores.ch\/index.php\/wp-json\/wp\/v2\/posts\/493\/revisions"}],"wp:attachment":[{"href":"https:\/\/codexflores.ch\/index.php\/wp-json\/wp\/v2\/media?parent=493"}],"wp:term":[{"taxonomy":"category","embeddable":true,"href":"https:\/\/codexflores.ch\/index.php\/wp-json\/wp\/v2\/categories?post=493"},{"taxonomy":"post_tag","embeddable":true,"href":"https:\/\/codexflores.ch\/index.php\/wp-json\/wp\/v2\/tags?post=493"}],"curies":[{"name":"wp","href":"https:\/\/api.w.org\/{rel}","templated":true}]}}