{"id":502,"date":"2014-01-11T12:05:21","date_gmt":"2014-01-11T12:05:21","guid":{"rendered":"https:\/\/codexflores.ch\/index.php\/2014\/01\/11\/kritik-als-alibi-oder-existenzfrage\/"},"modified":"2014-01-11T12:05:21","modified_gmt":"2014-01-11T12:05:21","slug":"kritik-als-alibi-oder-existenzfrage","status":"publish","type":"post","link":"https:\/\/codexflores.ch\/index.php\/2014\/01\/11\/kritik-als-alibi-oder-existenzfrage\/","title":{"rendered":"Kritik als Alibi oder Existenzfrage?"},"content":{"rendered":"<p><center><em>Von Wolfgang B\u00f6hler<\/em><\/center> <\/p>\n<p><span class=\"txt-m-black\"><span class=\"txt-m-black\">\u00a0<\/span><\/span><\/p>\n<table align=\"left\">\n<tbody>\n<tr>\n<td width=\"70\"><img decoding=\"async\" src=\"http:\/\/212.60.37.143\/bilder\/kolumnewb.jpg\" border=\"0\" \/><\/td>\n<\/tr>\n<\/tbody>\n<\/table>\n<p><span class=\"txt-m-black\">02.11.2012 &#8212; Die Europ\u00e4ische Kommission (EC) unterh\u00e4lt ein neues Programms f\u00fcr die Kultur- und Kreativbranche \u2013 es tr\u00e4gt den Titel \u00abKreatives Europa\u00bb. Die bestehenden Programme Kultur und Media (Kino) sollen zusammengefasst und damit, so die offizielle EU-Sprachregelung, \u00abgest\u00e4rkt werden\u00bb. Die Zahlen sprechen da f\u00fcr sich: Zwischen 2014 und 2020 verf\u00fcgt das Programm \u00fcber ein Budget von insgesamt 1,8 Milliarden Euro. Im \u00abVergleich mit den derzeitigen F\u00f6rderh\u00f6hen\u00bb bedeute dies einen Anstieg von 37 Prozent, schreibt die EC. Das Programm wird 8000 Kulturorganisationen unterst\u00fctzen und dazu beitragen, dass hochgerechnet 300\u2019000 Kunstschaffende und Fachleute aus dem Kulturbereich ihre Werke international zeigen k\u00f6nnen. <\/p>\n<p> Die EC plant dar\u00fcberhinaus ein Darlehensgarantieprogramm (es leistet \u00c4hnliches wie die schweizerischen B\u00fcrgschaftsgenossenschaften), um die Vergabe von Bankdarlehen an kleine und mittlere Unternehmen in der Kulturbranche zu f\u00f6rdern. <\/p>\n<p> Einer der Schwerpunkte des Programms soll die Publikumsentwicklung sein. \u00abWir m\u00fcssen mehr tun, um die \u00d6ffentlichkeit in die europ\u00e4ische Kultur einzubringen und die Vielfalt zu wahren\u00bb, zitiert die EU-Pressemeldung Androulla Vassiliou, die EU-Kommissarin f\u00fcr Bildung und Kultur. Das t\u00f6nt wie eine Contradictio in adjecto, denn europ\u00e4ische Kultur ist ja das, was aus dem Bed\u00fcrfnis der B\u00fcrger w\u00e4chst. Was man ihnen \u00abeinbringen muss\u00bb w\u00e4re eher etwas, was von aussen oder oben befohlen wird. Wir wollen Frau Vassiliou aber nicht mit Spitzfindigkeiten das Leben schwer machen. <\/p>\n<p> Eines der Musterbeispiele, das von der EC gef\u00f6rdert wird, ist das \u00abEuropean Network for Opera and Dance Education\u00bb, kurz \u00abReseo\u00bb. Es hat in 21 L\u00e4ndern 79 Mitglieder und wird 2012 mit der Summe von 51&#8217;000 Euro unterst\u00fctzt. Schweizer Mitglieder sind \u2013 nein nicht das Z\u00fcrcher Opernhaus, das Lucerne Festival oder das Basler Theater \u2013 die Jeune Op\u00e9ra Compagnie aus La Chaux-des-Fonds und das Genfer Op\u00e9ra-Th\u00e9\u00e2tre, also Truppen aus der eher europafreundlichen und etatistischeren Welschweiz. Auch das lassen wir mal so stehen. <\/p>\n<p> Was uns auff\u00e4llt, ist eine Grundsatzfrage, welche die Reseo-Leiterin Katherine Heid stellt: \u00abViele Opernh\u00e4user haben ein Publikum. Die Frage aber ist: Wollen sie ein kritisches Publikum?\u00bb Es gehe Reseo denn auch nicht prim\u00e4r darum, die Ums\u00e4tze an den Opernhauskassen zu erh\u00f6hen. <\/p>\n<p> Da zeigt sich zwar noch einmal das grunds\u00e4tzliche Problem, dass sich kritische Einstellung nicht von oben verordnen l\u00e4sst. Aber es trifft ein allgemeines Unbehagen gegen\u00fcber allen Versuchen, neues Publikum f\u00fcr alte Angebote zu gewinnen: Man kann den Verdacht hegen, dass es da nicht um eine lebendige \u00e4sthetische Auseinandersetzung mit den eigenen Lebenswelten geht, sondern darum, wie der S\u00e4mann Arepo das Werk im Umlauf zu halten. <\/p>\n<p> Und was, wenn die Kritik des Publikums vor allem darin besteht, festzustellen, dass Oper keine zeitgem\u00e4sse Kunstform mehr ist und der Auseinandersetzung nicht mehr lohnt? H\u00e4tte Reseo den Mut, die Rolle der Liquidatorin zu \u00fcbernehmen? <\/span> <span class=\"txt-m-black\">(<em>wb<\/em>)<\/span><\/p>\n<p> <center> <\/p>\n<table style=\"width: 420px;\" summary=\"linie\" border=\"0\" cellspacing=\"0\" cellpadding=\"0\">\n<tbody>\n<tr>\n<td colspan=\"9\" bgcolor=\"#666666\" height=\"1\"><img loading=\"lazy\" decoding=\"async\" src=\"http:\/\/212.60.37.143\/grafiken\/dbrown1x1.gif\" border=\"0\" width=\"1\" height=\"1\" \/><\/td>\n<\/tr>\n<\/tbody>\n<\/table>\n<p> <\/center> <\/p>\n<p><span class=\"txt-s-black\">Der Musikphilosoph Wolfgang B\u00f6hler (M.A.) studierte an der Universit\u00e4t Bern Wissenschaftstheorie, Mathematik und Musikwissenschaft. Er ist Chefredaktor des Codex flores Onlinemagazins.<\/span><\/p>\n","protected":false},"excerpt":{"rendered":"<p>Von Wolfgang B\u00f6hler \u00a0 02.11.2012 &#8212; Die Europ\u00e4ische Kommission (EC) unterh\u00e4lt ein neues Programms f\u00fcr die Kultur- und Kreativbranche \u2013&#8230;<\/p>\n","protected":false},"author":1,"featured_media":0,"comment_status":"open","ping_status":"open","sticky":false,"template":"","format":"standard","meta":{"footnotes":""},"categories":[5],"tags":[],"class_list":["post-502","post","type-post","status-publish","format-standard","hentry","category-editorials","entry"],"_links":{"self":[{"href":"https:\/\/codexflores.ch\/index.php\/wp-json\/wp\/v2\/posts\/502","targetHints":{"allow":["GET"]}}],"collection":[{"href":"https:\/\/codexflores.ch\/index.php\/wp-json\/wp\/v2\/posts"}],"about":[{"href":"https:\/\/codexflores.ch\/index.php\/wp-json\/wp\/v2\/types\/post"}],"author":[{"embeddable":true,"href":"https:\/\/codexflores.ch\/index.php\/wp-json\/wp\/v2\/users\/1"}],"replies":[{"embeddable":true,"href":"https:\/\/codexflores.ch\/index.php\/wp-json\/wp\/v2\/comments?post=502"}],"version-history":[{"count":0,"href":"https:\/\/codexflores.ch\/index.php\/wp-json\/wp\/v2\/posts\/502\/revisions"}],"wp:attachment":[{"href":"https:\/\/codexflores.ch\/index.php\/wp-json\/wp\/v2\/media?parent=502"}],"wp:term":[{"taxonomy":"category","embeddable":true,"href":"https:\/\/codexflores.ch\/index.php\/wp-json\/wp\/v2\/categories?post=502"},{"taxonomy":"post_tag","embeddable":true,"href":"https:\/\/codexflores.ch\/index.php\/wp-json\/wp\/v2\/tags?post=502"}],"curies":[{"name":"wp","href":"https:\/\/api.w.org\/{rel}","templated":true}]}}