{"id":503,"date":"2014-01-11T12:05:49","date_gmt":"2014-01-11T12:05:49","guid":{"rendered":"https:\/\/codexflores.ch\/index.php\/2014\/01\/11\/kuenstler-als-eidg-ehrenbotschafter\/"},"modified":"2014-01-11T12:05:49","modified_gmt":"2014-01-11T12:05:49","slug":"kuenstler-als-eidg-ehrenbotschafter","status":"publish","type":"post","link":"https:\/\/codexflores.ch\/index.php\/2014\/01\/11\/kuenstler-als-eidg-ehrenbotschafter\/","title":{"rendered":"K\u00fcnstler als Eidg. Ehrenbotschafter"},"content":{"rendered":"<p><center><em>Von Wolfgang B\u00f6hler<\/em><\/center> <\/p>\n<p><span class=\"txt-m-black\"><span class=\"txt-m-black\">\u00a0<\/span><\/span><\/p>\n<table align=\"left\">\n<tbody>\n<tr>\n<td width=\"70\"><img decoding=\"async\" src=\"http:\/\/212.60.37.143\/bilder\/kolumnewb.jpg\" border=\"0\" \/><\/td>\n<\/tr>\n<\/tbody>\n<\/table>\n<p><span class=\"txt-m-black\">16.01.2012 &#8212; Es geht mal wieder auf die Session im Bundeshaus zu. Der Auftakt f\u00e4llt mit dem Zibelem\u00e4rit zusammen. Da wird in fr\u00fchmorgendlicher K\u00e4lte und Dunkelheit eine Menge Geb\u00fcndeltes pr\u00e4sentiert, das sein Inneres bloss offenbart, wenn man sich durch mehrere Schichten Verpackung hindurchgearbeitet hat. Endlich am Ziel angelangt, kommen einem dann doch nur die Tr\u00e4nen. Das wird die Parlamentarier unweigerlich an die kiloschweren Materialien erinnern, mit denen sie vor Sitzungsbeginn eingedeckt werden. So sind sie schon mal richtig eingestimmt, Berns Marktbr\u00e4uchen zum Dank. <\/p>\n<p> Der Versuch, in den Sessionsprogrammen Anliegen der Kultur zu finden, erweist sich als Suche nach der Heunadel im Steckhaufen (uups&#8230;). Es gibt n\u00e4mlich in der Schweizer Politik zur Zeit Wichtigeres zu besprechen, etwa die L\u00fccke zwischen milit\u00e4rischer und ziviler Chauffeurausbildung, die Gleichstellung des Kitesurfens mit anderen Wassersportarten oder der Adressdatenaustausch zwischen Einwohnerregistern, Post und anderen Dateninhabern. Das ist sie, die faktische politische Realit\u00e4t, entgegen anderslautenden Themensetzungen in den Publikumsmedien. <\/p>\n<p> Ein Kommissions-Vorstoss sticht dann doch noch ins Auge, weil er einmal mehr den absolut und total vergeblichen Versuch wagt, unseren intellektuellen Leistungstr\u00e4gern doch noch etwas gouvernementalen Glamour zu verleihen. Die Kommission f\u00fcr Wissenschaft, Bildung und Kultur des Nationalrates m\u00f6chte den Bundesrat beauftragen, schweizerischen Wissenschaftlern, K\u00fcnstlern, Unternehmern und Sportlern die M\u00f6glichkeit zu geben, sich mit einem \u00abEhrenbotschafter\u00bb-Titel zu schm\u00fccken und so Zugang zur Diplomatie zu erhalten. <\/p>\n<p> Der Bundesrat sieht dazu keine gesetzliche Grundlage und zweifelt implizit auch an der \u00abSwissness\u00bb eines solchen Titels. Um das Potenzial von Schweizer Pers\u00f6nlichkeiten nutzen zu k\u00f6nnen, schreibt er, sehe das Eidgen\u00f6ssische Departement f\u00fcr ausw\u00e4rtige Angelegenheiten vor, einen \u00abKlub der Imagebotschafter der Schweiz in der Welt\u00bb zu schaffen. Dessen Mitglieder w\u00fcrden keine offiziellen Titel und Privilegien erhalten, w\u00fcrden aber in die Aktivit\u00e4ten zur F\u00f6rderung des Images der Schweiz im Ausland eingebunden. <\/p>\n<p> K\u00fcnstler als Sonderbotschafter der Schweiz? Man stelle sich mal Pipilotti Rist mit zwei verschiedenen Ringelsocken, Wuschelhaaren und rosaroter Brille beim Fototermin mit dem chinesischen Staatspr\u00e4sidenten vor, oder Roman Signer mit Knallpetarden und Schutzhelm im Gruppenfoto mit Barroso, Hollande, Monti und Merkel. Okay, die immer etwas griesgr\u00e4migen Herren Herzog und de Meuron (als einzige im Vorstoss als m\u00f6gliche Kandidaten erw\u00e4hnt) w\u00fcrden sich auf Ehrentrib\u00fcnen zwischen Funktion\u00e4rs-Zweireihern und Gattinen-Deux-pi\u00e8ces vermutlich noch gut einf\u00fcgen. <\/p>\n<p> Ansonsten: K\u00fcnstler und Denker als Ehrenbotschafter der Schweiz? Soviel guteidgen\u00f6ssische Maskerade und nationale Selbstverleugnung ist offenbar selbst dem Bundesrat zuviel. Er m\u00f6chte das Postulat nicht entgegennehmen. Auch nicht von einem Ehrenbotschafter. <\/span> <span class=\"txt-m-black\">(<em>cf<\/em>)<\/span><\/p>\n<p> <center> <\/p>\n<table style=\"width: 420px;\" summary=\"linie\" border=\"0\" cellspacing=\"0\" cellpadding=\"0\">\n<tbody>\n<tr>\n<td colspan=\"9\" bgcolor=\"#666666\" height=\"1\"><img loading=\"lazy\" decoding=\"async\" src=\"http:\/\/212.60.37.143\/grafiken\/dbrown1x1.gif\" border=\"0\" width=\"1\" height=\"1\" \/><\/td>\n<\/tr>\n<\/tbody>\n<\/table>\n<p> <\/center> <\/p>\n<p><span class=\"txt-s-black\">Der Musikphilosoph Wolfgang B\u00f6hler (M.A.) studierte an der Universit\u00e4t Bern Wissenschaftstheorie, Mathematik und Musikwissenschaft. Er ist Chefredaktor des Codex flores Onlinemagazins.<\/span><\/p>\n","protected":false},"excerpt":{"rendered":"<p>Von Wolfgang B\u00f6hler \u00a0 16.01.2012 &#8212; Es geht mal wieder auf die Session im Bundeshaus zu. Der Auftakt f\u00e4llt mit&#8230;<\/p>\n","protected":false},"author":1,"featured_media":0,"comment_status":"open","ping_status":"open","sticky":false,"template":"","format":"standard","meta":{"footnotes":""},"categories":[5],"tags":[],"class_list":["post-503","post","type-post","status-publish","format-standard","hentry","category-editorials","entry"],"_links":{"self":[{"href":"https:\/\/codexflores.ch\/index.php\/wp-json\/wp\/v2\/posts\/503","targetHints":{"allow":["GET"]}}],"collection":[{"href":"https:\/\/codexflores.ch\/index.php\/wp-json\/wp\/v2\/posts"}],"about":[{"href":"https:\/\/codexflores.ch\/index.php\/wp-json\/wp\/v2\/types\/post"}],"author":[{"embeddable":true,"href":"https:\/\/codexflores.ch\/index.php\/wp-json\/wp\/v2\/users\/1"}],"replies":[{"embeddable":true,"href":"https:\/\/codexflores.ch\/index.php\/wp-json\/wp\/v2\/comments?post=503"}],"version-history":[{"count":0,"href":"https:\/\/codexflores.ch\/index.php\/wp-json\/wp\/v2\/posts\/503\/revisions"}],"wp:attachment":[{"href":"https:\/\/codexflores.ch\/index.php\/wp-json\/wp\/v2\/media?parent=503"}],"wp:term":[{"taxonomy":"category","embeddable":true,"href":"https:\/\/codexflores.ch\/index.php\/wp-json\/wp\/v2\/categories?post=503"},{"taxonomy":"post_tag","embeddable":true,"href":"https:\/\/codexflores.ch\/index.php\/wp-json\/wp\/v2\/tags?post=503"}],"curies":[{"name":"wp","href":"https:\/\/api.w.org\/{rel}","templated":true}]}}