{"id":521,"date":"2014-01-11T14:29:08","date_gmt":"2014-01-11T14:29:08","guid":{"rendered":"https:\/\/codexflores.ch\/index.php\/2014\/01\/11\/es-muss-etwas-geschehen\/"},"modified":"2014-01-11T14:29:08","modified_gmt":"2014-01-11T14:29:08","slug":"es-muss-etwas-geschehen","status":"publish","type":"post","link":"https:\/\/codexflores.ch\/index.php\/2014\/01\/11\/es-muss-etwas-geschehen\/","title":{"rendered":"Es muss etwas geschehen!"},"content":{"rendered":"<p><center><em>Von Wolfgang B\u00f6hler<\/em><\/center> <\/p>\n<p><span class=\"txt-m-black\"><span class=\"txt-m-black\">\u00a0<\/span><\/span><\/p>\n<table align=\"left\">\n<tbody>\n<tr>\n<td width=\"70\"><img decoding=\"async\" src=\"http:\/\/212.60.37.143\/bilder\/kolumnewb.jpg\" border=\"0\" \/><\/td>\n<\/tr>\n<\/tbody>\n<\/table>\n<p><span class=\"txt-m-black\">23.08.2013 &#8212; In Heinrich B\u00f6lls Kurzgeschichte \u00abEs wird etwas geschehen\u00bb st\u00fcrmt der \u00fcberenergetische Fabrikant Wunsiedel jeden Morgen voller Elan ins B\u00fcro und ruft seinen Untergebenen zu: Es muss etwas geschehen! Worauf diese im Chor zur\u00fcckrufen: Es wird etwas geschehen! <\/p>\n<p> Bundesrat Alain Berset hat anl\u00e4sslich des Filmfestivals in Locarno eindringlich gerufen, wir brauchen eine neue nationale Kulturpolitik! Und die versammelte Presse hat geschrieben: Wir brauchen eine neue nationale Kulturpolitik! habe Bundesrat Berset gerufen. Wir glauben uns zu erinnern, dass Bundesrat Berset fr\u00fcher einmal gerufen hat, das Jahr 2013 werde zu einem Jahr der Kultur (oder war es 2012? oder war es Bundesrat Burkhalter?), und die versammlte Presse hat geschrieben, das Jahr 2013 (oder 2012?) werde zum Jahr der Kultur, habe Bundesrat Berset gerufen. Zuvor war ja nicht so recht klar, welche Rolle Bundesrat Berset als Kulturminister spielen will. <\/p>\n<p> Leider hat dieser Ruf Bersets keinerlei Spuren hinterlassen, so dass nicht mit Sicherheit versichert werden kann, dass dieser Aufbruch auch so stattgefunden hat oder \u00fcberhaupt tats\u00e4chlich ausgerufen worden ist. Die Quellenlage, die Quellenlage.<\/p>\n<p> Bundesrat Berset hat aber verb\u00fcrgterweise Traditionsbewusstsein. Denn bereits 1970 haben die St\u00e4dte in der Schweiz gerufen, es m\u00fcsse etwas geschehen und die Konferenz der Schweizer St\u00e4dte f\u00fcr Kulturfragen ins Leben gerufen, um f\u00fcr den Ruf, dass etwas geschehen m\u00fcsse, eine bessere Plattform zu haben. Auf dass etwas geschehe, haben National- und St\u00e4nderat 1993 auf Bundesebene einen Kulturartikel formuliert, der vom Volk allerdings bachab geschickt worden ist, denn beim F\u00f6deralismus h\u00f6rt der Spass auf. <\/p>\n<p> 2010 hat Jean-Fr\u00e9d\u00e9ric Jauslin, der damalige Chef des Bundesamtes f\u00fcr Kultur, die nationalen Kulturf\u00f6rderer zusammengerufen und an der ersten Nationalen Kulturkonferenz in den Saal des Berner Zentrums Paul Klee gerufen, es m\u00fcsse etwas geschehen, worauf ihm ein entschiedenes Es wird etwas geschehen! entgegenschallte. <\/p>\n<p> Der Ausgang von B\u00f6lls Kurzgeschichte muss hier nicht erz\u00e4hlt werden. Schliesslich ist B\u00f6ll <em>Nobelpreistr\u00e4ger<\/em>. Man kann deshalb davon ausgehen, dass gebildete Menschen sein Gesamtwerk aus dem Ged\u00e4chtnis zu zitieren in der Lage sind, simultan zum Ordnen kulturpolitischer Initiativen und dem Konsum eines Latte macchiato, wenn sie damit noch nicht wirklich ausgelastet sind.<\/p>\n<p> Bloss dies: B\u00f6ll findet, dass H\u00e4ndels \u00abLargo\u00bb viel zu wenig Beachtung findet. Das hat aber mit Kulturpolitik \u00fcberhaupt nichts zu tun. Dass der Held der Geschichte schliesslich in der Bestatter-Branche landet, aber irgendwie schon. <\/span> <span class=\"txt-m-black\">(<em>wb<\/em>)<\/span><\/p>\n<p> <center> <\/p>\n<table style=\"width: 420px;\" summary=\"linie\" border=\"0\" cellspacing=\"0\" cellpadding=\"0\">\n<tbody>\n<tr>\n<td colspan=\"9\" bgcolor=\"#666666\" height=\"1\"><img loading=\"lazy\" decoding=\"async\" src=\"http:\/\/212.60.37.143\/grafiken\/dbrown1x1.gif\" border=\"0\" width=\"1\" height=\"1\" \/><\/td>\n<\/tr>\n<\/tbody>\n<\/table>\n<p> <\/center> <\/p>\n<p><span class=\"txt-s-black\">Der Musikphilosoph Wolfgang B\u00f6hler (M.A.) studierte an der Universit\u00e4t Bern Wissenschaftstheorie, Mathematik und Musikwissenschaft. Er ist Chefredaktor des Codex flores Onlinemagazins.<\/span><\/p>\n","protected":false},"excerpt":{"rendered":"<p>Von Wolfgang B\u00f6hler \u00a0 23.08.2013 &#8212; In Heinrich B\u00f6lls Kurzgeschichte \u00abEs wird etwas geschehen\u00bb st\u00fcrmt der \u00fcberenergetische Fabrikant Wunsiedel jeden&#8230;<\/p>\n","protected":false},"author":1,"featured_media":0,"comment_status":"open","ping_status":"open","sticky":false,"template":"","format":"standard","meta":{"footnotes":""},"categories":[5],"tags":[],"class_list":["post-521","post","type-post","status-publish","format-standard","hentry","category-editorials","entry"],"_links":{"self":[{"href":"https:\/\/codexflores.ch\/index.php\/wp-json\/wp\/v2\/posts\/521","targetHints":{"allow":["GET"]}}],"collection":[{"href":"https:\/\/codexflores.ch\/index.php\/wp-json\/wp\/v2\/posts"}],"about":[{"href":"https:\/\/codexflores.ch\/index.php\/wp-json\/wp\/v2\/types\/post"}],"author":[{"embeddable":true,"href":"https:\/\/codexflores.ch\/index.php\/wp-json\/wp\/v2\/users\/1"}],"replies":[{"embeddable":true,"href":"https:\/\/codexflores.ch\/index.php\/wp-json\/wp\/v2\/comments?post=521"}],"version-history":[{"count":0,"href":"https:\/\/codexflores.ch\/index.php\/wp-json\/wp\/v2\/posts\/521\/revisions"}],"wp:attachment":[{"href":"https:\/\/codexflores.ch\/index.php\/wp-json\/wp\/v2\/media?parent=521"}],"wp:term":[{"taxonomy":"category","embeddable":true,"href":"https:\/\/codexflores.ch\/index.php\/wp-json\/wp\/v2\/categories?post=521"},{"taxonomy":"post_tag","embeddable":true,"href":"https:\/\/codexflores.ch\/index.php\/wp-json\/wp\/v2\/tags?post=521"}],"curies":[{"name":"wp","href":"https:\/\/api.w.org\/{rel}","templated":true}]}}