{"id":526,"date":"2014-01-11T14:31:50","date_gmt":"2014-01-11T14:31:50","guid":{"rendered":"https:\/\/codexflores.ch\/index.php\/2014\/01\/11\/frauen-in-der-schweizer-musikgeschichte\/"},"modified":"2014-01-11T14:31:50","modified_gmt":"2014-01-11T14:31:50","slug":"frauen-in-der-schweizer-musikgeschichte","status":"publish","type":"post","link":"https:\/\/codexflores.ch\/index.php\/2014\/01\/11\/frauen-in-der-schweizer-musikgeschichte\/","title":{"rendered":"Frauen in der Schweizer Musikgeschichte"},"content":{"rendered":"<p><center><em>Von Wolfgang B\u00f6hler<\/em><\/center> <\/p>\n<p><span class=\"txt-m-black\"><span class=\"txt-m-black\">\u00a0<\/span><\/span><\/p>\n<table align=\"left\">\n<tbody>\n<tr>\n<td width=\"70\"><img decoding=\"async\" src=\"http:\/\/212.60.37.143\/bilder\/kolumnewb.jpg\" border=\"0\" \/><\/td>\n<\/tr>\n<\/tbody>\n<\/table>\n<p><span class=\"txt-m-black\">01.11.2013 &#8212; Mit etwas Verwunderung verfolgt man die aktuellen Aufgeregtheiten um die Serie \u00abDie Schweizer\u00bb des Schweizer Fernsehens (<a href=\"http:\/\/dieschweizer.srf.ch\" target=\"blank\" rel=\"noopener noreferrer\">dieschweizer.srf.ch<\/a>). Die Vorschauen lassen ein Abfeiern von m\u00e4nnlicher Heldengeschichte bef\u00fcrchten \u2012 mit im Volkstheaterstil aufgeklebten B\u00e4rten und Knallchargen statt subtiler Schauspielkunst. Aber warten wir\u2019s ab. Proteste gab\u2019s bereits von Frauenseite, weil die Frauen fehlen und ein veraltetes Geschichtsbild portiert wird, das die Entwicklungen des Alltagslebens und der unspektakul\u00e4ren und unglamour\u00f6sen Kr\u00e4fte der Historie ignoriert. Letztere sind zum Verst\u00e4ndnis der Gegenwart aber genauso wichtig, wenn nicht weit wichtiger als singul\u00e4re, personengebundene Ereignisse. <\/p>\n<p> Das Schweizer Fernsehen reagiert nun etwas improvisiert mit einem Blick auf Frauen in der Geschichte, die dem Typus Heldin, K\u00e4mpferin, Pionierin, mit andern Worten, der heroischen individuellen Gestalterin gerecht werden und es sogar auf eine Schweizer Banknote geschafft haben. Die Frauen haben aber, vor allem in der republikanischen Zeit, in der ihnen (im Gegensatz zum Adel des h\u00f6fischen Mittelalters) jegliche politische Rechte konsequent verweigert wurden, kaum Raum f\u00fcr Heldentaten gefunden. <\/p>\n<p> Viel h\u00e4ufiger sind sie gescheitert, an den Rand gedr\u00e4ngt, totgeschwiegen worden und ihre Leistungen in der Alltagsbew\u00e4ltigung kleingeredet worden. Wir haben ein solches Frauenschicksal in der Schweizer Musikgeschichte vor l\u00e4ngerer Zeit dokumentiert. Die Berner Pianistin Laura Kupferschmid hat in den 1920er-Jahren mit progressiven p\u00e4dagogischen Ideen versucht, den Musikp\u00e4dagogischen Verband aufzumischen.<\/p>\n<p> Sie hat sich dabei als kundige, politisch denkende Reformerin erwiesen. Mit ihren Bem\u00fchungen ist sie allerdings auch \u00fcber ihre eigenen charakterlichen Unzul\u00e4nglichkeiten gestolpert, wobei man sich fragen kann, wie weit diese Folgen einer zeittypischen Frauenkarriere mit ihren Dem\u00fctigungen und Belastungen gewesen sein d\u00fcrften. Die ganze Geschichte von Laura Kupferschmid findet sich <a href=\"http:\/\/212.60.37.143\/rezensionen_ind3.php?art=35\">hier<\/a>. <\/p>\n<p> Laura Kupferschmid hat ihr Leben alles andere als glamour\u00f6s abgeschlossen. Eine Sympathietr\u00e4gerin mit Vorbildcharakter f\u00fcr heute ist sie mit ihren Schrullen und Eigensinnigkeiten definitiv nicht. Dennoch, oder vielleicht gerade deswegen wirft ihre tragische Geschichte wohl ein viel aussagekr\u00e4ftigeres Licht auf die Rolle der Frau in der j\u00fcngeren Schweizer Musikgeschichte als diejenige von Musikerinnen, die als heroischer Gegenpart zu m\u00e4nnlichen \u00abHelden\u00bb aufgebaut werden k\u00f6nnten, um auch den Frauen zu ihrem Recht auf eigene Geschichte zu verhelfen. <\/p>\n<p> Man hat etwas den Verdacht, dass die Frauen, die nun gegen das antiquierte Geschlechter- und Geschichtsbild der \u00abDie Schweizer\u00bb-Macher protestieren, gerne auch eine weibliche Erfolgsgeschichte geschrieben gesehen h\u00e4tten. Historisch gesehen d\u00fcrfte das Schicksal der Frauen so wie dasjenige von Laura Kupferschmied vielmehr dasjenige von viel Alltagsarbeit und sozialer Leistung und gleichzeitig bitteren pers\u00f6nlichen, sozialen und politischen Niederlagen sein.<\/p>\n<p> So was erz\u00e4hlt sich halt weniger gern, wenn man eine Ideologiebrille tr\u00e4gt oder auf der Suche nach \u00abRole Models\u00bb ist. Der Sache aber (ob Frauensache oder Verpflichtung zur historischen Wahrheit) w\u00e4re damit jedoch vermutlich mehr gedient. <\/span> <span class=\"txt-m-black\">(<em>wb<\/em>)<\/span><\/p>\n<p> <center> <\/p>\n<table style=\"width: 420px;\" summary=\"linie\" border=\"0\" cellspacing=\"0\" cellpadding=\"0\">\n<tbody>\n<tr>\n<td colspan=\"9\" bgcolor=\"#666666\" height=\"1\"><img loading=\"lazy\" decoding=\"async\" src=\"http:\/\/212.60.37.143\/grafiken\/dbrown1x1.gif\" border=\"0\" width=\"1\" height=\"1\" \/><\/td>\n<\/tr>\n<\/tbody>\n<\/table>\n<p> <\/center> <\/p>\n<p><span class=\"txt-s-black\">Der Musikphilosoph Wolfgang B\u00f6hler (M.A.) studierte an der Universit\u00e4t Bern Wissenschaftstheorie, Mathematik und Musikwissenschaft. Er ist Chefredaktor des Codex flores Onlinemagazins.<\/span><\/p>\n","protected":false},"excerpt":{"rendered":"<p>Von Wolfgang B\u00f6hler \u00a0 01.11.2013 &#8212; Mit etwas Verwunderung verfolgt man die aktuellen Aufgeregtheiten um die Serie \u00abDie Schweizer\u00bb des&#8230;<\/p>\n","protected":false},"author":1,"featured_media":0,"comment_status":"open","ping_status":"open","sticky":false,"template":"","format":"standard","meta":{"footnotes":""},"categories":[5],"tags":[],"class_list":["post-526","post","type-post","status-publish","format-standard","hentry","category-editorials","entry"],"_links":{"self":[{"href":"https:\/\/codexflores.ch\/index.php\/wp-json\/wp\/v2\/posts\/526","targetHints":{"allow":["GET"]}}],"collection":[{"href":"https:\/\/codexflores.ch\/index.php\/wp-json\/wp\/v2\/posts"}],"about":[{"href":"https:\/\/codexflores.ch\/index.php\/wp-json\/wp\/v2\/types\/post"}],"author":[{"embeddable":true,"href":"https:\/\/codexflores.ch\/index.php\/wp-json\/wp\/v2\/users\/1"}],"replies":[{"embeddable":true,"href":"https:\/\/codexflores.ch\/index.php\/wp-json\/wp\/v2\/comments?post=526"}],"version-history":[{"count":0,"href":"https:\/\/codexflores.ch\/index.php\/wp-json\/wp\/v2\/posts\/526\/revisions"}],"wp:attachment":[{"href":"https:\/\/codexflores.ch\/index.php\/wp-json\/wp\/v2\/media?parent=526"}],"wp:term":[{"taxonomy":"category","embeddable":true,"href":"https:\/\/codexflores.ch\/index.php\/wp-json\/wp\/v2\/categories?post=526"},{"taxonomy":"post_tag","embeddable":true,"href":"https:\/\/codexflores.ch\/index.php\/wp-json\/wp\/v2\/tags?post=526"}],"curies":[{"name":"wp","href":"https:\/\/api.w.org\/{rel}","templated":true}]}}