{"id":537,"date":"2014-01-11T14:46:48","date_gmt":"2014-01-11T14:46:48","guid":{"rendered":"https:\/\/codexflores.ch\/index.php\/2014\/01\/11\/die-brandenburgischen\/"},"modified":"2014-01-11T14:46:48","modified_gmt":"2014-01-11T14:46:48","slug":"die-brandenburgischen","status":"publish","type":"post","link":"https:\/\/codexflores.ch\/index.php\/2014\/01\/11\/die-brandenburgischen\/","title":{"rendered":"Die \u00abBrandenburgischen\u00bb"},"content":{"rendered":"<p><span class=\"txt-m-black\"><img decoding=\"async\" src=\"http:\/\/212.60.37.143\/bilder\/brandenburg241003.jpg\" border=\"0\" align=\"left\" \/>29.10.2003 &#8212; \u00abA Son Altesse Royalle Monseigneur Cr\u00e9tien Louis, Marggraf de Brandenbourg\u00bb: Johann Sebastian Bach hat seine Widmung von sechs Konzerten am 24. M\u00e4rz 1721 in K\u00f6then unterzeichnet. Philipp Spitta nennt sie in seiner umfangreichen Bach-Monografie (1873) erstmals die \u00abbrandenburgischen Concerte\u00bb.<\/p>\n<p> Nicht zuletzt dank der Verbreitung via Schallplatte z\u00e4hlt die Sammlung weltweit zu den popul\u00e4rsten Bach-Werken. Allerdings tut sich die musikwissenschaftliche Forschung schwer mit den \u00abBrandenburgischen\u00bb. An den Anfang seiner gr\u00fcndlichen Untersuchung dieser Werkgruppe stellt Peter Schleuning, Professor an der Universit\u00e4t Oldenburg und Fl\u00f6tist mit Konzertreife, sinnvollerweise einen gerafften \u00dcberblick \u00fcber die Stationen der Forschung, die sich mit Ort (K\u00f6then oder Weimar?) und Anlass der Entstehung, mit der Widmung, den Inhalten, der Rezeption befasst: Thesen, Folgerungen, Meinungen, Widerspr\u00fcche, die der Autor fallweise auch in seinen Werkanalysen zur Sprache bringt. <\/p>\n<p> Schleuning widmet sich in den sechs Portr\u00e4ts in erfrischend unverkrampfter Art den einzelnen Konzerten, erl\u00e4utert Besetzung, Form, Stil, Motivik, stellt \u00dcberlegungen an zu fr\u00fcheren Fassungen und zu gattungsspezifischen Themen. Mit vielen eigenen Erkenntnissen und Fragestellungen belebt er auch die Diskussion um Semantik, Rhetorik, Charakter, um Bedeutung und Funktion dieser Konzerte. <\/p>\n<p> Was teilen die Handschriften mit? Wie wurde komponiert? Was hat das Konzert I mit einer f\u00fcrstlichen Jagd zu tun, was das Konzert II mit Haydns Es-Dur-Trompetenkonzert und mit Morricones Musik zu Leones Italo-Western \u00abSpiel mir das Lied vom Tod\u00bb, was das Konzert IV mit Beethovens Streichquartett op. 74? Erhellendes bietet Peter Schleuning nicht zuletzt dank unkonventionellen Ans\u00e4tzen, originellen Hypothesen und breiter Perspektive. Und weil er in seinen \u00dcberlegungen auch dem R\u00e4tselhaften, dem Unl\u00f6sbaren Raum gibt. <\/span> <span class=\"txt-m-black\">(<em>ws<\/em>)<\/span><\/p>\n<p><\/p>\n<p> <center> <\/p>\n<table style=\"width: 430px;\" summary=\"linie\" border=\"0\" cellspacing=\"0\" cellpadding=\"0\">\n<tbody>\n<tr>\n<td colspan=\"9\" bgcolor=\"#666666\" height=\"1\"><img loading=\"lazy\" decoding=\"async\" src=\"http:\/\/212.60.37.143\/grafiken\/dbrown1x1.gif\" border=\"0\" width=\"1\" height=\"1\" \/><\/td>\n<\/tr>\n<\/tbody>\n<\/table>\n<p> <\/center> <\/p>\n<p><span class=\"txt-s-black\"><a href=\"http:\/\/www.amazon.de\/exec\/obidos\/ASIN\/3761814917\/codexflores-21\">Peter Schleuning: Johann Sebastian Bach \u2013 Die Brandenburgischen Konzerte<\/a>. Mit Abbildungen und vielen Notenbeispielen. Reihe B\u00e4renreiter Werkeinf\u00fchrungen. B\u00e4renreiter-Verlag, Kassel 2003. 196 Seiten. \u20ac 12,90. Fr. 22.60.<\/span><\/p>\n","protected":false},"excerpt":{"rendered":"<p>29.10.2003 &#8212; \u00abA Son Altesse Royalle Monseigneur Cr\u00e9tien Louis, Marggraf de Brandenbourg\u00bb: Johann Sebastian Bach hat seine Widmung von sechs&#8230;<\/p>\n","protected":false},"author":1,"featured_media":0,"comment_status":"open","ping_status":"open","sticky":false,"template":"","format":"standard","meta":{"footnotes":""},"categories":[11],"tags":[],"class_list":["post-537","post","type-post","status-publish","format-standard","hentry","category-buchbesprechungen","entry"],"_links":{"self":[{"href":"https:\/\/codexflores.ch\/index.php\/wp-json\/wp\/v2\/posts\/537","targetHints":{"allow":["GET"]}}],"collection":[{"href":"https:\/\/codexflores.ch\/index.php\/wp-json\/wp\/v2\/posts"}],"about":[{"href":"https:\/\/codexflores.ch\/index.php\/wp-json\/wp\/v2\/types\/post"}],"author":[{"embeddable":true,"href":"https:\/\/codexflores.ch\/index.php\/wp-json\/wp\/v2\/users\/1"}],"replies":[{"embeddable":true,"href":"https:\/\/codexflores.ch\/index.php\/wp-json\/wp\/v2\/comments?post=537"}],"version-history":[{"count":0,"href":"https:\/\/codexflores.ch\/index.php\/wp-json\/wp\/v2\/posts\/537\/revisions"}],"wp:attachment":[{"href":"https:\/\/codexflores.ch\/index.php\/wp-json\/wp\/v2\/media?parent=537"}],"wp:term":[{"taxonomy":"category","embeddable":true,"href":"https:\/\/codexflores.ch\/index.php\/wp-json\/wp\/v2\/categories?post=537"},{"taxonomy":"post_tag","embeddable":true,"href":"https:\/\/codexflores.ch\/index.php\/wp-json\/wp\/v2\/tags?post=537"}],"curies":[{"name":"wp","href":"https:\/\/api.w.org\/{rel}","templated":true}]}}