{"id":538,"date":"2014-01-11T14:47:38","date_gmt":"2014-01-11T14:47:38","guid":{"rendered":"https:\/\/codexflores.ch\/index.php\/2014\/01\/11\/jazz-persoenlich-und-sachlich\/"},"modified":"2014-01-11T14:47:38","modified_gmt":"2014-01-11T14:47:38","slug":"jazz-persoenlich-und-sachlich","status":"publish","type":"post","link":"https:\/\/codexflores.ch\/index.php\/2014\/01\/11\/jazz-persoenlich-und-sachlich\/","title":{"rendered":"Jazz \u2013 pers\u00f6nlich und sachlich"},"content":{"rendered":"<p><span class=\"txt-m-black\"><img decoding=\"async\" src=\"http:\/\/212.60.37.143\/bilder\/jazzlexikon111103.jpg\" border=\"0\" align=\"left\" \/>11.11.2003 &#8212; Die zeitliche Spanne ist weit gesteckt: Der Jazzmusiker mit dem am fernsten zur\u00fcckliegenden Jahrgang in Reclams Jazzlexikon, Manuel Perez, wurde 1871 in New Orleans geboren: \u00abMan sagt, er konnte gut Noten lesen und erwartete dies im Gegensatz zu den mehr improvisierenden Zeitgenossen wie Buddy Bolden auch von seinen Musikern.\u00bb (Dass Perez auch anderes als das Kornettspiel beherrschte, wird nicht unterschlagen: \u00ab1931 gab er den Musikerberuf auf und widmete sich dem Zigarrenmacherhandwerk.\u00bb) Der J\u00fcngste mit eigenem Artikel im Lexikon ist der Tenorsaxofonist Carlos Garnett, geboren 1983. <\/p>\n<p> Das handliche, typografisch apart gestaltete Nachschlagewerk gliedert den Stoff in Personen- und Sachlexikon. Von den insgesamt \u00fcber 680 Seiten belegt das Personenlexikon den Hauptteil, gut 560. Erfasst sind Musiker und Komponisten, aber auch f\u00fcr die \u00c4sthetik des Jazz bedeutende Produzenten; in Einzelartikeln gew\u00fcrdigt werden zudem Bands, Gruppen, Ensembles und Kollektive. Das Spektrum ist breit: Der Tatsache, dass Jazz sich l\u00e4ngst zu einer globalen Erscheinung entwickelt hat, zu einem internationalen Idiom geworden ist, tragen die zehn Autoren Rechnung, indem sie auch die ausseramerikanischen Quellen ber\u00fccksichtigen: mediterrane, nordafrikanische und afrokubanische Musik zum Beispiel, Gregorianik, Folklore des Balkans, indische, tibetische und abendl\u00e4ndische Klassik, elektroakustische Musik, Tango und Klezmer, Reggae und Punk \u2013 eine offene Sichtweise. Dem entsprechend haben auch K\u00fcnstler und Gruppen, die Puristen nicht unter das Label Jazz stellen w\u00fcrden, Aufnahme gefunden. <\/p>\n<p> Verst\u00e4ndlich und ein Plus dieses Lexikons ist die besondere Aufmerksamkeit, welche die Herausgeber Wolf Kampmann und Ekkehard Jost der deutschen Szene zukommen lassen. W\u00e4hrend die schweizerische gut repr\u00e4sentiert ist, mutet die Jazzszene \u00d6sterreichs hier eher marginal an. <\/p>\n<p> Reclams Jazzlexikon (Nachfolger des im Jahr 1970 erstmals erschienenen Reclams Jazzf\u00fchrer von Bohl\u00e4nder\/Holler) legt in den mit Schwarzweiss-Abbildungen bereicherten Personenartikeln den Akzent auf Eigenart und Wirkungsgeschichte der Musiker: Keine n\u00fcchterne Auflistung biografischer Daten also, vielmehr eine Gewichtung der Einfl\u00fcsse, der Leistung, der (aktuell gebliebenen) Bedeutung und der massgeblichen Einspielungen. Die anregende Lekt\u00fcre erweist, dass hier Autoren mit Umsicht, Mut zu pers\u00f6nlicher Auswahl und eigener Meinung und mit Lust an der Arbeit waren. <\/p>\n<p> Knapp ausgefallen ist der Sachteil. Nur wenigen Instrumenten sind eigene Beitr\u00e4ge gewidmet, daf\u00fcr werden etliche Spieltechniken erl\u00e4utert. Der erste Teil des Lexikons ist mit dem zweiten nicht durch Querverweise verkn\u00fcpft. Zahlreiche Begriffe, die im Personenteil genannt werden, sucht man im Sachlexikon vergeblich. Positiv ins Gewicht fallen einl\u00e4ssliche, auch f\u00fcr Laien verst\u00e4ndlich abgefasste Erl\u00e4uterungen zu Standardbegriffen, weiterf\u00fchrende Literaturhinweise und Schwerpunktartikel wie Europa und Jazz, Film und Jazz, Neue Musik und Jazz, Politik und Jazz, Schallplatte und Jazz, Weltmusik und Jazz. <\/span> <span class=\"txt-m-black\">(<em>ws<\/em>)<\/span><\/p>\n<p><\/p>\n<p> <center> <\/p>\n<table style=\"width: 430px;\" summary=\"linie\" border=\"0\" cellspacing=\"0\" cellpadding=\"0\">\n<tbody>\n<tr>\n<td colspan=\"9\" bgcolor=\"#666666\" height=\"1\"><img loading=\"lazy\" decoding=\"async\" src=\"http:\/\/212.60.37.143\/grafiken\/dbrown1x1.gif\" border=\"0\" width=\"1\" height=\"1\" \/><\/td>\n<\/tr>\n<\/tbody>\n<\/table>\n<p> <\/center> <\/p>\n<p><span class=\"txt-s-black\"><a href=\"http:\/\/www.amazon.de\/exec\/obidos\/ASIN\/3150105285\/codexflores-21\">Reclams Jazzlexikon<\/a>. Hrsg. Wolf Kampmann (Personenlexikon) und Ekkehard Jost (Sachlexikon). Mit 82 Abbildungen und 12 Notenbeispielen. Verlag Philipp Reclam, Stuttgart 2003. 688 Seiten. \u20ac 29,90. Fr. 50.20.<\/span><\/p>\n","protected":false},"excerpt":{"rendered":"<p>11.11.2003 &#8212; Die zeitliche Spanne ist weit gesteckt: Der Jazzmusiker mit dem am fernsten zur\u00fcckliegenden Jahrgang in Reclams Jazzlexikon, Manuel&#8230;<\/p>\n","protected":false},"author":1,"featured_media":0,"comment_status":"open","ping_status":"open","sticky":false,"template":"","format":"standard","meta":{"footnotes":""},"categories":[11],"tags":[],"class_list":["post-538","post","type-post","status-publish","format-standard","hentry","category-buchbesprechungen","entry"],"_links":{"self":[{"href":"https:\/\/codexflores.ch\/index.php\/wp-json\/wp\/v2\/posts\/538","targetHints":{"allow":["GET"]}}],"collection":[{"href":"https:\/\/codexflores.ch\/index.php\/wp-json\/wp\/v2\/posts"}],"about":[{"href":"https:\/\/codexflores.ch\/index.php\/wp-json\/wp\/v2\/types\/post"}],"author":[{"embeddable":true,"href":"https:\/\/codexflores.ch\/index.php\/wp-json\/wp\/v2\/users\/1"}],"replies":[{"embeddable":true,"href":"https:\/\/codexflores.ch\/index.php\/wp-json\/wp\/v2\/comments?post=538"}],"version-history":[{"count":0,"href":"https:\/\/codexflores.ch\/index.php\/wp-json\/wp\/v2\/posts\/538\/revisions"}],"wp:attachment":[{"href":"https:\/\/codexflores.ch\/index.php\/wp-json\/wp\/v2\/media?parent=538"}],"wp:term":[{"taxonomy":"category","embeddable":true,"href":"https:\/\/codexflores.ch\/index.php\/wp-json\/wp\/v2\/categories?post=538"},{"taxonomy":"post_tag","embeddable":true,"href":"https:\/\/codexflores.ch\/index.php\/wp-json\/wp\/v2\/tags?post=538"}],"curies":[{"name":"wp","href":"https:\/\/api.w.org\/{rel}","templated":true}]}}