{"id":542,"date":"2014-01-11T14:49:38","date_gmt":"2014-01-11T14:49:38","guid":{"rendered":"https:\/\/codexflores.ch\/index.php\/2014\/01\/11\/komponisten-galerie\/"},"modified":"2014-01-11T14:49:38","modified_gmt":"2014-01-11T14:49:38","slug":"komponisten-galerie","status":"publish","type":"post","link":"https:\/\/codexflores.ch\/index.php\/2014\/01\/11\/komponisten-galerie\/","title":{"rendered":"Komponisten-Galerie"},"content":{"rendered":"<p><span class=\"txt-m-black\"><img decoding=\"async\" src=\"http:\/\/212.60.37.143\/bilder\/Portraets181203.jpg\" border=\"0\" align=\"left\" \/>23.12.2003 &#8212; Guillaume de Machaut, geboren um 1300, er\u00f6ffnet diese Galerie; den Schluss bildet Adriana H\u00f6lszky, 1953 geboren. Dazwischen werden 173 weitere popul\u00e4re oder weniger bekannte Tonsch\u00f6pfer vorab aus Europa in Bild und Text gew\u00fcrdigt. Sechseinhalb Jahrhunderte Musikgeschichte auf 400 Seiten. <\/p>\n<p> Das Reclam-B\u00fcchlein der Musikwissenschaftlerin Elisabeth Schmierer \u2013 sie lehrt an der Technischen Universit\u00e4t Berlin und an der Folkwang Hochschule Essen \u2013 ist ebenso handlich wie reichhaltig. Wann hat ein Komponist gelebt? Was hat er komponiert und wann? Wie sah er aus? sind die Leitfragen dieser Portr\u00e4tserie, die in konzentrierter Form Daten und Fakten zusammenfasst, in der Regel auf einer Druckseite. Ausnahmen mit je drei Seiten bilden die Artikel zu Bach, Haydn, Mozart, Beethoven, Schubert, Wagner und Verdi. In jedem Beitrag gibt ein ganzseitiges Portr\u00e4t einen Eindruck von der \u00e4usseren Erscheinung des Komponisten (Komponistinnen kommen nur drei vor: Sofia Gubaidulina, Adriana H\u00f6lszky und Meredith Monk). <\/p>\n<p> Mit einer auf das Wesentliche sich konzentrierenden W\u00fcrdigung er\u00f6ffnet die Autorin das Portr\u00e4t (Angaben zum \u0152uvre, zu den Gattungen, zur musikgeschichtlichen Stellung, zum Einfluss). An diese Informationen \u2013 der Umfang variiert von zwei Zeilen bis zu einer Druckseite \u2013 schliesst sich, chronologisch geordnet, die Auflistung der zentralen Kompositionen an. Bedeutende Werke sind zudem kurz charakterisiert (Stellung im Schaffen des Komponisten und innerhalb der Musikgeschichte). Dass die Verknappung es gebot, die Daten nicht auf das Privatleben der Komponisten auszuweiten, versteht sich. <\/p>\n<p> In der Auswahl der Pers\u00f6nlichkeiten legt die Autorin den Hauptakzent auf Mitteleuropa \u2013 zahlenm\u00e4ssig im Vordergrund stehen Deutsche, Italiener und Franzosen; mit Abstand folgen Russen, \u00d6sterreicher und Osteurop\u00e4er. Erstaunlich: Gy\u00f6rgy Kurt\u00e1g fehlt, ebenso Bohuslav Martinu. Die Ausbeute an Komponisten aus den USA ist mit 9 Namen mager. Schweizer sind ganz ausgespart, es sei denn, man fordere Arthur Honegger ein; durch die Maschen fielen hier etwa Rolf Liebermann, Frank Martin, Klaus Huber, Heinz Holliger. <\/p>\n<p> Neben Komponisten, die im heutigen Konzertleben pr\u00e4sent sind, erscheinen andere, nur noch Spezialisten gel\u00e4ufige. Ob es im Sinn der Aktualit\u00e4t nicht dienlicher gewesen w\u00e4re, wichtigen Komponistinnen und Komponisten der Moderne auf Kosten \u00e4lterer mehr Platz einzur\u00e4umen? <\/p>\n<p> Seine St\u00e4rke f\u00fchrt das B\u00e4ndchen f\u00fcr all jene \u2013 nicht zuletzt f\u00fcr musikinteressierte Laien, f\u00fcr Sch\u00fcler und Studierende \u2013 ins Feld, die sich rasch mit den wichtigsten Fakten \u00fcber Komponisten und deren Schaffen vertraut machen, einen Titel, ein Entstehungs-, Publikations- oder Urauff\u00fchrungsdatum nachschlagen wollen. Wer gr\u00fcndlicherer Information bedarf, findet im Anhang nach Komponistennamen geordnete Literaturhinweise. <\/p>\n<p> Schade, dass das Verzeichnis der 172 Komponisten und 3 Komponistinnen nicht ausgeweitet worden ist zu einem Register, das alle im Buch erw\u00e4hnten Personennamen umfasst. Denn viele Komponisten erscheinen auch in den Artikeln \u00fcber Kollegen; und durch die Erschliessung der vorkommenden Lehrer, Librettisten, Regisseure, B\u00fchnenbildner, Dirigenten, Instrumentalisten, M\u00e4zene, Philosophen, Literaten und Politiker w\u00e4re dem B\u00fcchlein eine zus\u00e4tzliche Dimension ge\u00f6ffnet worden. <\/span> <span class=\"txt-m-black\">(<em>ws<\/em>)<\/span><\/p>\n<p><\/p>\n<p> <center> <\/p>\n<table style=\"width: 430px;\" summary=\"linie\" border=\"0\" cellspacing=\"0\" cellpadding=\"0\">\n<tbody>\n<tr>\n<td colspan=\"9\" bgcolor=\"#666666\" height=\"1\"><img loading=\"lazy\" decoding=\"async\" src=\"http:\/\/212.60.37.143\/grafiken\/dbrown1x1.gif\" border=\"0\" width=\"1\" height=\"1\" \/><\/td>\n<\/tr>\n<\/tbody>\n<\/table>\n<p> <\/center> <\/p>\n<p><span class=\"txt-s-black\"><a href=\"http:\/\/www.amazon.de\/exec\/obidos\/ASIN\/3150182689\/codexflores-21\">Elisabeth Schmierer: Komponisten-Portr\u00e4ts<\/a> \u2013 Bilder und Daten. 175 Abbildungen. Verlag Philipp Reclam, Stuttgart 2003. 400 Seiten. \u20ac 9,40. Fr. 16.70.<\/span><\/p>\n","protected":false},"excerpt":{"rendered":"<p>23.12.2003 &#8212; Guillaume de Machaut, geboren um 1300, er\u00f6ffnet diese Galerie; den Schluss bildet Adriana H\u00f6lszky, 1953 geboren. Dazwischen werden&#8230;<\/p>\n","protected":false},"author":1,"featured_media":0,"comment_status":"open","ping_status":"open","sticky":false,"template":"","format":"standard","meta":{"footnotes":""},"categories":[11],"tags":[],"class_list":["post-542","post","type-post","status-publish","format-standard","hentry","category-buchbesprechungen","entry"],"_links":{"self":[{"href":"https:\/\/codexflores.ch\/index.php\/wp-json\/wp\/v2\/posts\/542","targetHints":{"allow":["GET"]}}],"collection":[{"href":"https:\/\/codexflores.ch\/index.php\/wp-json\/wp\/v2\/posts"}],"about":[{"href":"https:\/\/codexflores.ch\/index.php\/wp-json\/wp\/v2\/types\/post"}],"author":[{"embeddable":true,"href":"https:\/\/codexflores.ch\/index.php\/wp-json\/wp\/v2\/users\/1"}],"replies":[{"embeddable":true,"href":"https:\/\/codexflores.ch\/index.php\/wp-json\/wp\/v2\/comments?post=542"}],"version-history":[{"count":0,"href":"https:\/\/codexflores.ch\/index.php\/wp-json\/wp\/v2\/posts\/542\/revisions"}],"wp:attachment":[{"href":"https:\/\/codexflores.ch\/index.php\/wp-json\/wp\/v2\/media?parent=542"}],"wp:term":[{"taxonomy":"category","embeddable":true,"href":"https:\/\/codexflores.ch\/index.php\/wp-json\/wp\/v2\/categories?post=542"},{"taxonomy":"post_tag","embeddable":true,"href":"https:\/\/codexflores.ch\/index.php\/wp-json\/wp\/v2\/tags?post=542"}],"curies":[{"name":"wp","href":"https:\/\/api.w.org\/{rel}","templated":true}]}}