{"id":557,"date":"2014-01-11T14:57:34","date_gmt":"2014-01-11T14:57:34","guid":{"rendered":"https:\/\/codexflores.ch\/index.php\/2014\/01\/11\/wie-hielt-es-brahms-mit-der-religion\/"},"modified":"2014-01-11T14:57:34","modified_gmt":"2014-01-11T14:57:34","slug":"wie-hielt-es-brahms-mit-der-religion","status":"publish","type":"post","link":"https:\/\/codexflores.ch\/index.php\/2014\/01\/11\/wie-hielt-es-brahms-mit-der-religion\/","title":{"rendered":"Wie hielt es Brahms mit der Religion?"},"content":{"rendered":"<p><span class=\"txt-m-black\"><img decoding=\"async\" src=\"http:\/\/212.60.37.143\/bilder\/brahms060804.jpg\" border=\"0\" align=\"left\" \/>09.08.2004 &#8212; War Brahms ein tief gl\u00e4ubiger Mann oder ein sarkastischer Freigeist? In seiner detailreichen Untersuchung, einer \u00fcberarbeiteten Fassung seiner Berliner Dissertation von 2002, deckt der deutsche Musik- und Kulturwissenschafter Jan Brachmann politische und religionsgeschichtliche Bez\u00fcge des 19. Jahrhunderts auf und im Schaffen Brahms\u2019 biografische und musikalische Zusammenh\u00e4nge. In vielf\u00e4ltiger Brechung spiegelt sich im \u00abFall Brahms\u00bb eine ganze Epoche. <\/p>\n<p> Brachmann dokumentierte seine profunden Kenntnisse der Religionsgeschichte, der Musik und der Kunst im 19. Jahrhundert bereits im Buch \u00abIns Ungewisse hinauf \u2026 \u2013 Johannes Brahms und Max Klinger im Zwiespalt von Kunst und Kommunikation\u00bb (B\u00e4renreiter Musiksoziologie, Bd. 6, 1999). Mit dem neuen Band legt der Autor die bisher einl\u00e4sslichste und aufschlussreichste Erforschung der religionsgeschichtlichen Bedingungen absoluter Musik am Beispiel von Johannes Brahms\u2019 biografischer und k\u00fcnstlerischer Situation in der zweiten H\u00e4lfte des 19. Jahrhunderts vor. <\/p>\n<p> Religionskrise und Kunstreligion idealistischer oder romantischer Provenienz sind, so der Autor, nicht nur historische, sondern auch gesellschaftliche Tatbest\u00e4nde, die sozialen Druck aus\u00fcben, etwa als Rollenerwartung an den K\u00fcnstler in der b\u00fcrgerlichen Kultur. Ausgehend von einl\u00e4sslichem Quellenstudium, zeigt Brachmann auf, wie Brahms in seiner Musik \u2013 nicht nur der vordergr\u00fcndig religi\u00f6sen oder geistlichen \u2013 die Probleme der Kunst als s\u00e4kularer Religion und die Probleme einer religi\u00f6s bestimmten Lebensf\u00fchrung in der Moderne reflektiert hat. <\/p>\n<p> Der \u00abbibelfeste Ketzer\u00bb Brahms, sein Denken und sein Schaffen (darunter die Lekt\u00fcrespuren in Brahms\u2019 Handbibliothek und seine Kompositionen) bilden das Zentrum, doch der Autor bezieht ausf\u00fchrlich theologische, philosophische, politische, soziologische und k\u00fcnstlerische Fragen mit weitem Umblick und wachem Sinn f\u00fcr deren Bedingtheiten und Zusammenwirken mit ein in einer formal, gedanklich und stilistisch klaren Analyse, akkuraten Darlegung und weitsichtigen Interpretation. <\/span> <span class=\"txt-m-black\">(<em>ws<\/em>)<\/span><\/p>\n<p><\/p>\n<p> <center> <\/p>\n<table style=\"width: 430px;\" summary=\"linie\" border=\"0\" cellspacing=\"0\" cellpadding=\"0\">\n<tbody>\n<tr>\n<td colspan=\"9\" bgcolor=\"#666666\" height=\"1\"><img loading=\"lazy\" decoding=\"async\" src=\"http:\/\/212.60.37.143\/grafiken\/dbrown1x1.gif\" border=\"0\" width=\"1\" height=\"1\" \/><\/td>\n<\/tr>\n<\/tbody>\n<\/table>\n<p> <\/center> <\/p>\n<p><span class=\"txt-s-black\">Jan Brachmann: Kunst \u2013 Religion \u2013 Krise. Der Fall Brahms. Reihe Musiksoziologie, Bd. 12. B\u00e4renreiter Verlag, Kassel 2003. Mit Notenbeispielen und Literaturverzeichnis, aber ohne Register. 496 Seiten. \u20ac 34,95. Fr. 63.-.<\/span><\/p>\n","protected":false},"excerpt":{"rendered":"<p>09.08.2004 &#8212; War Brahms ein tief gl\u00e4ubiger Mann oder ein sarkastischer Freigeist? In seiner detailreichen Untersuchung, einer \u00fcberarbeiteten Fassung seiner&#8230;<\/p>\n","protected":false},"author":1,"featured_media":0,"comment_status":"open","ping_status":"open","sticky":false,"template":"","format":"standard","meta":{"footnotes":""},"categories":[11],"tags":[],"class_list":["post-557","post","type-post","status-publish","format-standard","hentry","category-buchbesprechungen","entry"],"_links":{"self":[{"href":"https:\/\/codexflores.ch\/index.php\/wp-json\/wp\/v2\/posts\/557","targetHints":{"allow":["GET"]}}],"collection":[{"href":"https:\/\/codexflores.ch\/index.php\/wp-json\/wp\/v2\/posts"}],"about":[{"href":"https:\/\/codexflores.ch\/index.php\/wp-json\/wp\/v2\/types\/post"}],"author":[{"embeddable":true,"href":"https:\/\/codexflores.ch\/index.php\/wp-json\/wp\/v2\/users\/1"}],"replies":[{"embeddable":true,"href":"https:\/\/codexflores.ch\/index.php\/wp-json\/wp\/v2\/comments?post=557"}],"version-history":[{"count":0,"href":"https:\/\/codexflores.ch\/index.php\/wp-json\/wp\/v2\/posts\/557\/revisions"}],"wp:attachment":[{"href":"https:\/\/codexflores.ch\/index.php\/wp-json\/wp\/v2\/media?parent=557"}],"wp:term":[{"taxonomy":"category","embeddable":true,"href":"https:\/\/codexflores.ch\/index.php\/wp-json\/wp\/v2\/categories?post=557"},{"taxonomy":"post_tag","embeddable":true,"href":"https:\/\/codexflores.ch\/index.php\/wp-json\/wp\/v2\/tags?post=557"}],"curies":[{"name":"wp","href":"https:\/\/api.w.org\/{rel}","templated":true}]}}