{"id":570,"date":"2014-01-11T15:04:18","date_gmt":"2014-01-11T15:04:18","guid":{"rendered":"https:\/\/codexflores.ch\/index.php\/2014\/01\/11\/musik-konzepte-sonderband-wolfgang-rihm\/"},"modified":"2014-01-11T15:04:18","modified_gmt":"2014-01-11T15:04:18","slug":"musik-konzepte-sonderband-wolfgang-rihm","status":"publish","type":"post","link":"https:\/\/codexflores.ch\/index.php\/2014\/01\/11\/musik-konzepte-sonderband-wolfgang-rihm\/","title":{"rendered":"Musik-Konzepte Sonderband: Wolfgang Rihm"},"content":{"rendered":"<p><span class=\"txt-m-black\"><img decoding=\"async\" src=\"http:\/\/212.60.37.143\/bilder\/rihm120105.jpg\" border=\"0\" align=\"left\" \/>17.01.2005 &#8212; Er war 1997 Composer-in-residence am Lucerne Festival, 2000 bei den Salzburger Festspielen und beim Festival Musica in Strassburg, ist f\u00fcr sein Wirken als Komponist und Musiktheoretiker mit bedeutenden internationalen Auszeichnungen bedacht worden. Der 1952 in Karlsruhe geborene Wolfgang Rihm \u2013 seit 1985 unterrichtet er an der Musikhochschule seiner Heimatstadt Komposition \u2013 z\u00e4hlt zur Gruppe der \u00abUniversalisten\u00bb innerhalb der aktuellen Musikszene. <\/p>\n<p> Im August 2000 wurde in Salzburg das erste internationale Rihm-Symposium durchgef\u00fchrt; es widmete sich dem Schaffen des Komponisten in den drei Sektionen \u00abMusikanschauung\u00bb, \u00abInstrumentalmusik\u00bb, \u00abMusiktheater und Lied\u00bb. Die zw\u00f6lf im Rahmen dieses Anlasses gehaltenen Referate sind nun im soeben erschienenen Sonderband der Reihe Musik-Konzepte publiziert. Sie bieten eine fundierte \u00e4sthetische und strukturanalytische Einf\u00fchrung in Wolfgang Rihms vielseitiges \u0152uvre von den fr\u00fchen Siebzigerjahren bis in die Gegenwart. <\/p>\n<p> Grundz\u00fcge und Schaffensphasen Rihms der vergangenen drei Jahrzehnte charakterisiert Josef H\u00e4usler (Stilperioden, Sprachvorstellung, Klangidee, aussermusikalische Anregungen, Work in progress). Thomas Sch\u00e4fer widmet sich Rihms Komponieren der Siebzigerjahre mit Blick auf Gustav Mahler. Der Bedeutung von Luigi Nonos Schaffen f\u00fcr Rihm geht J\u00fcrg Stenzl nach. Antonin Artauds Theater der Grausamkeit und seine Auswirkung auf Rihms Musiktheater untersucht Ivana Stoianova. Die Texte von Rihm, das Wort als Ausdrucksmedium, als Bekenntnis, stellt Nike Wagner ins Zentrum ihres Beitrags. Werk und Titel: Die Schwierigkeit der Werkbetitelung bei Rihm untersucht Dieter Rexroth. <\/p>\n<p> Analysen von Werkkomplexen und einzelnen Kompositionen leisten die weiteren Referenten: Siegfried Mauser zur Entwicklung der Klavierst\u00fccke, Wilhelm Killmayer zu Klangstrukturen bei H\u00f6lderlin und in Rihms \u00abKlavierst\u00fcck 6\u00bb, Reinhold Brinkmann \u00fcber Intertextualit\u00e4t in den \u00abH\u00f6lderlin-Fragmenten\u00bb, Ulrich Dibelius zu den Streichquartetten, Rudolf Frisius \u00fcber Form und Struktur am Beispiel von \u00abChiffre I\u00bb, Joachim Br\u00fcgge zu formalen, gattungsspezifischen und \u00e4sthetischen Aspekten in \u00abVers une symphonie fleuve I\u2013V\u00bb.<\/p>\n<p> Der mit tabellarischen Darstellungen und Notenbeispielen, darunter Abbildungen von Partiturmanuskripten, bereicherte Band bringt im Anhang die Abstracts, bibliografische Hinweise, eine Zeittafel zu Rihms Leben und Werk, ebenfalls Kurzbiografien der Autorinnen und Autoren. <\/span> <span class=\"txt-m-black\">(<em>ws<\/em>)<\/span><\/p>\n<p><\/p>\n<p> <center> <\/p>\n<table style=\"width: 430px;\" summary=\"linie\" border=\"0\" cellspacing=\"0\" cellpadding=\"0\">\n<tbody>\n<tr>\n<td colspan=\"9\" bgcolor=\"#666666\" height=\"1\"><img loading=\"lazy\" decoding=\"async\" src=\"http:\/\/212.60.37.143\/grafiken\/dbrown1x1.gif\" border=\"0\" width=\"1\" height=\"1\" \/><\/td>\n<\/tr>\n<\/tbody>\n<\/table>\n<p> <\/center> <\/p>\n<p><span class=\"txt-s-black\">Musik-Konzepte, Sonderband Wolfgang Rihm. Neue Folge, herausgegeben von Ulrich Tadday. edition text + kritik im Richard Boorberg Verlag, M\u00fcnchen. 161 Seiten. \u20ac 21,-. Fr. 36.90.<br \/><a href=\"http:\/\/www.amazon.de\/exec\/obidos\/ASIN\/388377782X\/codexflores-21\">Bei Amazon kaufen<\/a><\/span><\/p>\n","protected":false},"excerpt":{"rendered":"<p>17.01.2005 &#8212; Er war 1997 Composer-in-residence am Lucerne Festival, 2000 bei den Salzburger Festspielen und beim Festival Musica in Strassburg,&#8230;<\/p>\n","protected":false},"author":1,"featured_media":0,"comment_status":"open","ping_status":"open","sticky":false,"template":"","format":"standard","meta":{"footnotes":""},"categories":[11],"tags":[],"class_list":["post-570","post","type-post","status-publish","format-standard","hentry","category-buchbesprechungen","entry"],"_links":{"self":[{"href":"https:\/\/codexflores.ch\/index.php\/wp-json\/wp\/v2\/posts\/570","targetHints":{"allow":["GET"]}}],"collection":[{"href":"https:\/\/codexflores.ch\/index.php\/wp-json\/wp\/v2\/posts"}],"about":[{"href":"https:\/\/codexflores.ch\/index.php\/wp-json\/wp\/v2\/types\/post"}],"author":[{"embeddable":true,"href":"https:\/\/codexflores.ch\/index.php\/wp-json\/wp\/v2\/users\/1"}],"replies":[{"embeddable":true,"href":"https:\/\/codexflores.ch\/index.php\/wp-json\/wp\/v2\/comments?post=570"}],"version-history":[{"count":0,"href":"https:\/\/codexflores.ch\/index.php\/wp-json\/wp\/v2\/posts\/570\/revisions"}],"wp:attachment":[{"href":"https:\/\/codexflores.ch\/index.php\/wp-json\/wp\/v2\/media?parent=570"}],"wp:term":[{"taxonomy":"category","embeddable":true,"href":"https:\/\/codexflores.ch\/index.php\/wp-json\/wp\/v2\/categories?post=570"},{"taxonomy":"post_tag","embeddable":true,"href":"https:\/\/codexflores.ch\/index.php\/wp-json\/wp\/v2\/tags?post=570"}],"curies":[{"name":"wp","href":"https:\/\/api.w.org\/{rel}","templated":true}]}}