{"id":578,"date":"2014-01-11T15:08:32","date_gmt":"2014-01-11T15:08:32","guid":{"rendered":"https:\/\/codexflores.ch\/index.php\/2014\/01\/11\/karl-amadeus-hartmann\/"},"modified":"2014-01-11T15:08:32","modified_gmt":"2014-01-11T15:08:32","slug":"karl-amadeus-hartmann","status":"publish","type":"post","link":"https:\/\/codexflores.ch\/index.php\/2014\/01\/11\/karl-amadeus-hartmann\/","title":{"rendered":"Karl Amadeus Hartmann"},"content":{"rendered":"<p><span class=\"txt-m-black\"><img decoding=\"async\" src=\"http:\/\/212.60.37.143\/bilder\/hartmann150305.jpg\" border=\"0\" align=\"left\" \/>19.03.2005 &#8212; Auff\u00fchrungen von Werken Carl Orffs zwischen 1933 und 1944 im In- und im Ausland: 43. <\/p>\n<p> Auff\u00fchrungen von Werken Werner Egks zwischen 1933 und 1944 im In- und im Ausland: 26, zudem \u00fcber 50 Wiederholungen. <\/p>\n<p> Auff\u00fchrungen von Werken Karl Amadeus Hartmanns zwischen 1933 und 1944 im Inland: keine. \u2013 Im Ausland: 7 bis 1940, dann bis Kriegsende keine mehr. <\/p>\n<p> Diese Zusammenstellung aus dem vorliegenden Band, entnommen dem Beitrag von Barbara Haas \u00fcber die M\u00fcnchner Komponisten-Trias, dokumentiert die Ausnahmestellung Karl Amadeus Hartmanns: Als politisch hellh\u00f6riger, seinem Gewissen verantwortlicher K\u00fcnstler verweigerte er den Kotau vor den Herrschenden, setzte gegen deren menschenverachtende Brutalit\u00e4t in seinem Werk \u00abeine Stimme, die Sch\u00f6nheit beschw\u00f6ren und vor der gef\u00e4hrlichen Verstrickung in Zwist, Dummheit, Krieg und menschliche Untergangs-Hybris nachdr\u00fccklich warnen will\u00bb, wie Ulrich Dibelius urteilt, der Herausgeber dieser Publikation, der ersten, die Hartmanns Gesamtwerk in seiner Vielseitigkeit und seinen Wandlungen darstellt und interpretiert. <\/p>\n<p> Die Vielstimmigkeit von Karl Amadeus Hartmanns \u0152uvre findet eine Entsprechung in der Anlage des mit Fotodokumenten und Notenbeispielen bereicherten Bandes: In zehn Kapiteln prominenter Autoren gelangen alle wichtigen Aspekte zu Leben und Werk des Komponisten zu profilierter Erl\u00e4uterung. Dabei f\u00fchren einzelne \u00dcberschneidungen in der Behandlung von Werken durchaus nicht zu Wiederholungen, sondern zu anderen Blickwinkeln und F\u00e4rbungen. <\/p>\n<p> Selbstzeugnisse von Karl Amadeus Hartmann, geboren am 2.August 1905, gestorben am 5.Dezember 1963 in seiner Geburtsstadt M\u00fcnchen, er\u00f6ffnen die Werkbiografie (\u00ab\u00dcber mich selbst und meine Arbeit\u00bb).<\/p>\n<p> Die humanistische Wende, die Hartmann 1933 vollzog, charakterisiert Egon Voss in seinem Beitrag \u00fcber kompositorische Vorbilder und das Fr\u00fchwerk f\u00fcr kleine Besetzung: \u00abThema war nun: Emp\u00f6rung \u00fcber das Unrecht, das Menschen angetan wird, Anklage, Solidarit\u00e4t mit den Opfern von Gewalt und Barbarei, Mitleid, Trauer. Und dieses Thema blieb Hartmanns Hauptthema.\u00bb Betrachtungen zum fr\u00fchen Schaffen widmet sich auch Christoph Lucas Brehler, der die gesellschaftliche und politische Einstellung Hartmanns, dessen Besch\u00e4ftigung mit Folklore und j\u00fcdischer Musik herausarbeitet. <\/p>\n<p> Den Hang zum Anarchismus, die innere Emigration und den passiven Widerstand des Komponisten behandelt Hartmut L\u00fcck, der auch der politischen Stellungnahme und den politisch-sozialen Botschaften in Hartmanns Werk nachgeht. <\/p>\n<p> Andreas Jaschinski stellt Hartmanns zentralen sinfonischen Werkkorpus in den Mittelpunkt seiner Untersuchung der acht Sinfonien (Entstehung, Werdegang, Umarbeitungen, Gattungsverst\u00e4ndnis; inkl. Tabelle Chronologie der Sinfonien).<br \/> Zur fr\u00fchen Entwicklung von Hartmanns Sinfonik liefert Andrew D. McCredie in seinem Artikel neue, auf postume Funde basierende Erkenntnisse. Barbara Zuber beleuchtet das Sp\u00e4twerk Hartmanns. In einer detaillierten Analyse erschliesst R\u00fcdiger Behschnitt Urfassung (1934\/35) und Neufassung (1956) von Hartmanns Oper \u00abSimplicius Simplicissimus\u00bb.<\/p>\n<p> Einen Blick in die kompositorische Werkstatt wirft Hanns-Werner Heister im Beitrag \u00abKonstanz und Wandel. Zu Hartmanns konzertanten Werken zwischen 1930 und 1955\u00bb. Barbara Haas befasst sich \u2013 wie eingangs erw\u00e4hnt \u2013 mit der M\u00fcnchner Komponisten-Trias und dem \u00abnicht immer unproblematischen Verh\u00e4ltnis zwischen Orff, Egk und Hartmann\u00bb.<\/p>\n<p> \u00c4ussere Anregungen und ihre kompositorische Umsetzung thematisiert Ulrich Dibelius in seinem Beitrag \u00abMusik als Selbstzeugnis. Hartmanns gelebte und komponierte Wirklichkeit\u00bb.<\/p>\n<p> Wertvolle pers\u00f6nliche Erinnerungen an Hartmann tragen seine Frau Elisabeth (1913\u20132003) in 1994 gef\u00fchrten Gespr\u00e4chen mit Ulrich Dibelius bei sowie Richard P. Hartmann (\u00abMein Vater und mein Onkel, der Maler\u00bb; gemeint ist Adolf Hartmann, 1900\u20131975). <\/p>\n<p> Der nach Daten geordnete biografische \u00dcberblick und das Werkverzeichnis beschliessen den Sammelband, der Leben und Schaffen eines der bedeutenden, charakterlich integren deutschen Komponisten des 20. Jahrhunderts gerade auch f\u00fcr eine j\u00fcngere Generation Musikinteressierter auf facettenreiche und eindringliche Weise entschl\u00fcsselt und in gr\u00f6ssere Zusammenh\u00e4nge bettet. <\/span> <span class=\"txt-m-black\">(<em>ws<\/em>)<\/span><\/p>\n<p><\/p>\n<p> <center> <\/p>\n<table style=\"width: 430px;\" summary=\"linie\" border=\"0\" cellspacing=\"0\" cellpadding=\"0\">\n<tbody>\n<tr>\n<td colspan=\"9\" bgcolor=\"#666666\" height=\"1\"><img loading=\"lazy\" decoding=\"async\" src=\"http:\/\/212.60.37.143\/grafiken\/dbrown1x1.gif\" border=\"0\" width=\"1\" height=\"1\" \/><\/td>\n<\/tr>\n<\/tbody>\n<\/table>\n<p> <\/center> <\/p>\n<p><span class=\"txt-s-black\">Ulrich Dibelius (Hrsg.): Karl Amadeus Hartmann. Komponist im Widerstreit. Mit vielen Abbildungen und Notenbeispielen. B\u00e4renreiter Verlag, Kassel 2004. 347 Seiten. \u20ac 29,95. Fr. 53.90.<\/p>\n<p> <a href=\"http:\/\/www.amazon.de\/exec\/obidos\/ASIN\/3761817827\/codexflores-21\">Bei Amazon kaufen<\/a><\/span><\/p>\n","protected":false},"excerpt":{"rendered":"<p>19.03.2005 &#8212; Auff\u00fchrungen von Werken Carl Orffs zwischen 1933 und 1944 im In- und im Ausland: 43. Auff\u00fchrungen von Werken&#8230;<\/p>\n","protected":false},"author":1,"featured_media":0,"comment_status":"open","ping_status":"open","sticky":false,"template":"","format":"standard","meta":{"footnotes":""},"categories":[11],"tags":[],"class_list":["post-578","post","type-post","status-publish","format-standard","hentry","category-buchbesprechungen","entry"],"_links":{"self":[{"href":"https:\/\/codexflores.ch\/index.php\/wp-json\/wp\/v2\/posts\/578","targetHints":{"allow":["GET"]}}],"collection":[{"href":"https:\/\/codexflores.ch\/index.php\/wp-json\/wp\/v2\/posts"}],"about":[{"href":"https:\/\/codexflores.ch\/index.php\/wp-json\/wp\/v2\/types\/post"}],"author":[{"embeddable":true,"href":"https:\/\/codexflores.ch\/index.php\/wp-json\/wp\/v2\/users\/1"}],"replies":[{"embeddable":true,"href":"https:\/\/codexflores.ch\/index.php\/wp-json\/wp\/v2\/comments?post=578"}],"version-history":[{"count":0,"href":"https:\/\/codexflores.ch\/index.php\/wp-json\/wp\/v2\/posts\/578\/revisions"}],"wp:attachment":[{"href":"https:\/\/codexflores.ch\/index.php\/wp-json\/wp\/v2\/media?parent=578"}],"wp:term":[{"taxonomy":"category","embeddable":true,"href":"https:\/\/codexflores.ch\/index.php\/wp-json\/wp\/v2\/categories?post=578"},{"taxonomy":"post_tag","embeddable":true,"href":"https:\/\/codexflores.ch\/index.php\/wp-json\/wp\/v2\/tags?post=578"}],"curies":[{"name":"wp","href":"https:\/\/api.w.org\/{rel}","templated":true}]}}