{"id":593,"date":"2014-01-11T15:17:03","date_gmt":"2014-01-11T15:17:03","guid":{"rendered":"https:\/\/codexflores.ch\/index.php\/2014\/01\/11\/symposiumsbericht-musik-und-raum\/"},"modified":"2014-01-11T15:17:03","modified_gmt":"2014-01-11T15:17:03","slug":"symposiumsbericht-musik-und-raum","status":"publish","type":"post","link":"https:\/\/codexflores.ch\/index.php\/2014\/01\/11\/symposiumsbericht-musik-und-raum\/","title":{"rendered":"Symposiumsbericht \u00abMusik und Raum\u00bb"},"content":{"rendered":"<p><span class=\"txt-m-black\"><img decoding=\"async\" src=\"http:\/\/212.60.37.143\/bilder\/musraum061105.jpg\" border=\"0\" align=\"left\" \/>09.11.2005 &#8212; Wie ver\u00e4ndert sich ein Raum durch akustische Signale? Wie verbindet der Mensch Musik und Raum in nat\u00fcrlicher oder k\u00fcnstlicher Umgebung? In welcher Beziehung stehen Raum und Musik in aussereurop\u00e4ischen Kulturen und in der Geschichte des Abendlandes? Wie thematisieren Kunstschaffende heute Raum und Musik in ihren Werken? <\/p>\n<p> Der Frage nach dem R\u00e4umlichen in der Musik ging das transdisziplin\u00e4re Symposium \u00abMusik und Raum. Dimensionen im Gespr\u00e4ch\u00bb nach, das im Rahmen des Lucerne Festival Ostern vom 1. bis 3. April 2004 durchgef\u00fchrt wurde (ein Bericht findet sich <a href=\"http:\/\/212.60.37.143\/rezensionen_ind2.php?art=104\">hier<\/a>). Eingeladen von den Veranstaltern \u2013 dem Institut Forschung &amp; Entwicklung (Musikhochschule Luzern) und der Stiftung Musikforschung Zentralschweiz \u2013 waren K\u00fcnstlerinnen und Wissenschaftler aus Gebieten wie Ethnologie, Geografie, Akustik, Philosophie, Architektur, Musikwissenschaft und Psychologie. <\/p>\n<p> Nun liegt der durch Annette Landau und Claudia Emmenegger herausgegebene, typografisch apart gestaltete Symposiumsbericht vor, der 13 mit Farbabbildungen, Illustrationen, Notenbeispielen, Anmerkungen, Kurzbiografien der Referierenden und einem Personenregister erweiterte Vortr\u00e4ge und die Erl\u00e4uterungen der vier eigens f\u00fcr das Symposium geschaffenen Klanginstallationen versammelt. <\/p>\n<p> <strong> Die Referate<\/strong> <\/p>\n<p> Karen Gloy: Typologie der R\u00e4ume \u2013 eine Ph\u00e4nomenologie<\/p>\n<p> Axel Michaels: Rituelle Klangr\u00e4ume<\/p>\n<p> Ernst Lichtenhahn: Klangr\u00e4ume und Vorstellungsr\u00e4ume in der Musik der Tuareg<\/p>\n<p> Justin Winkler: Klangraum als Lebenswelt<\/p>\n<p> Klaus-Ernst Behne: Innere und \u00e4ussere R\u00e4ume in musikalischen Kontexten<\/p>\n<p> Michele Calella: Parallele (Welt-)R\u00e4ume. Bemerkungen zur Entwicklung des Tonsystems zwischen Mittelalter und Neuzeit<\/p>\n<p> Balz Tr\u00fcmpy: Zeitr\u00e4ume \u2013 Raumzeiten<\/p>\n<p> Gianmario Borio: \u00dcber den Einbruch des Raumes in die Zeitkunst Musik<\/p>\n<p> Helga de la Motte-Haber: Musikalische R\u00e4ume<\/p>\n<p> Klaus Pietschmann: Vom Spekulativen zum Konkreten. Musikalische R\u00e4ume in der Renaissance und ihr Publikum<\/p>\n<p> Eckhard Kahle: Die Verstellbarkeit des Raumes<\/p>\n<p> Anselm Gerhard: \u00abA musical Composition may be compared to the Elevation of a Building.\u00bb Architekturmetaphern als Triebfedern musik\u00e4sthetischer Paradigmenwechsel<\/p>\n<p> Werner Oechslin: Zwischen \u00abNaturgesetz\u00bb und Empfindung. Die musikalischen Proportionen und die Architektur<\/p>\n<p> <strong> Erl\u00e4uterungen der Klanginstallationen<\/strong> <\/p>\n<p> Andreas Old\u00f6rp: im leeren raum<br \/> Urban M\u00fcller, Peter Allamand: Zum Tanz<br \/> Christina Kubisch: Zw\u00f6lf Kl\u00e4nge und ein Baum<br \/> Daniel Ott: 26\/5 \u2013 2\/4<\/p>\n<p><\/span> <span class=\"txt-m-black\">(<em>ws<\/em>)<\/span><\/p>\n<p><\/p>\n<p> <center> <\/p>\n<table style=\"width: 430px;\" summary=\"linie\" border=\"0\" cellspacing=\"0\" cellpadding=\"0\">\n<tbody>\n<tr>\n<td colspan=\"9\" bgcolor=\"#666666\" height=\"1\"><img loading=\"lazy\" decoding=\"async\" src=\"http:\/\/212.60.37.143\/grafiken\/dbrown1x1.gif\" border=\"0\" width=\"1\" height=\"1\" \/><\/td>\n<\/tr>\n<\/tbody>\n<\/table>\n<p> <\/center> <\/p>\n<p><span class=\"txt-s-black\">Annette Landau, Claudia Emmenegger (Hrsg.): Musik und Raum. Dimensionen im Gespr\u00e4ch. Eine Publikation der Musikhochschule Luzern. Chronos Verlag, Z\u00fcrich 2005. 214 Seiten. 32 Abbildungen. Fr. 38.-. \u20ac 24,80.<br \/><a href=\"http:\/\/www.amazon.de\/exec\/obidos\/redirect?path=ASIN\/3034007205&amp;link_code=as2&amp;camp=1638&amp;tag=codexflores-21&amp;creative=6742\">Bei Amazon kaufen<\/a><img loading=\"lazy\" decoding=\"async\" src=\"http:\/\/www.assoc-amazon.de\/e\/ir?t=codexflores-21&amp;l=as2&amp;o=3&amp;a=3034007205\" border=\"0\" alt=\"\" width=\"1\" height=\"1\" style=\"border: none !important; margin: 0px !important;\" \/><\/p>\n<p> Siehe auch unseren Beitrag:<br \/> <a href=\"http:\/\/212.60.37.143\/rezensionen_ind2.php?art=104\">Symposium \u00abMusik und Raum\u00bb in Luzern<\/a><\/span><\/p>\n","protected":false},"excerpt":{"rendered":"<p>09.11.2005 &#8212; Wie ver\u00e4ndert sich ein Raum durch akustische Signale? Wie verbindet der Mensch Musik und Raum in nat\u00fcrlicher oder&#8230;<\/p>\n","protected":false},"author":1,"featured_media":0,"comment_status":"open","ping_status":"open","sticky":false,"template":"","format":"standard","meta":{"footnotes":""},"categories":[11],"tags":[],"class_list":["post-593","post","type-post","status-publish","format-standard","hentry","category-buchbesprechungen","entry"],"_links":{"self":[{"href":"https:\/\/codexflores.ch\/index.php\/wp-json\/wp\/v2\/posts\/593","targetHints":{"allow":["GET"]}}],"collection":[{"href":"https:\/\/codexflores.ch\/index.php\/wp-json\/wp\/v2\/posts"}],"about":[{"href":"https:\/\/codexflores.ch\/index.php\/wp-json\/wp\/v2\/types\/post"}],"author":[{"embeddable":true,"href":"https:\/\/codexflores.ch\/index.php\/wp-json\/wp\/v2\/users\/1"}],"replies":[{"embeddable":true,"href":"https:\/\/codexflores.ch\/index.php\/wp-json\/wp\/v2\/comments?post=593"}],"version-history":[{"count":0,"href":"https:\/\/codexflores.ch\/index.php\/wp-json\/wp\/v2\/posts\/593\/revisions"}],"wp:attachment":[{"href":"https:\/\/codexflores.ch\/index.php\/wp-json\/wp\/v2\/media?parent=593"}],"wp:term":[{"taxonomy":"category","embeddable":true,"href":"https:\/\/codexflores.ch\/index.php\/wp-json\/wp\/v2\/categories?post=593"},{"taxonomy":"post_tag","embeddable":true,"href":"https:\/\/codexflores.ch\/index.php\/wp-json\/wp\/v2\/tags?post=593"}],"curies":[{"name":"wp","href":"https:\/\/api.w.org\/{rel}","templated":true}]}}