{"id":646,"date":"2014-01-11T20:57:21","date_gmt":"2014-01-11T20:57:21","guid":{"rendered":"https:\/\/codexflores.ch\/index.php\/2014\/01\/11\/musik-konzepte-klaus-huber\/"},"modified":"2014-01-11T20:57:21","modified_gmt":"2014-01-11T20:57:21","slug":"musik-konzepte-klaus-huber","status":"publish","type":"post","link":"https:\/\/codexflores.ch\/index.php\/2014\/01\/11\/musik-konzepte-klaus-huber\/","title":{"rendered":"Musik-Konzepte: Klaus Huber"},"content":{"rendered":"<p><span class=\"txt-m-black\"><img decoding=\"async\" src=\"http:\/\/212.60.37.143\/bilder\/2007\/muskonz138.jpg\" border=\"0\" align=\"left\" \/>24.09.2007 &#8212; Musik ist ihm \u00abetwas existentiell Notwendiges, wenn auch nicht direkt N\u00fctzliches\u00bb. Das Zentrale seines Wirkens sei ein humanes Anliegen. Klaus Huber, 1924 in Bern geboren, z\u00e4hlt zu den am vielseitigsten inspirierten Komponisten der Gegenwart. Sein stilistisch offenes Schaffen verweigert sich einem Etikett; entsprechend schwierig gestaltet sich die Auseinandersetzung mit Hubers komplexem \u0152uvre, dessen Wurzeln in der mittelalterlichen wie in der seriellen Kompositionspraxis liegen, das politisches Engagement, mystisch-religi\u00f6se und polykulturelle Einfl\u00fcsse verbindet. <\/p>\n<p> An Information wie Interpretation reiche Ann\u00e4herungen aus verschiedenen Seiten und unterschiedlichen Blickwinkeln versammelt der vorliegende Doppelband der Musik-Konzepte. <\/p>\n<p> Max Nyffeler geht in seinem Beitrag \u00abUmsturz und Umkehr\u00bb k\u00fcnstlerischen Konstanten zwischen Introspektion und politischem Engagement nach. Und mit Wolfgang Rihm f\u00fchrt er ein Gespr\u00e4ch \u00fcber dessen Erfahrungen im Unterricht bei Klaus Huber. <\/p>\n<p> Einzelne Werke analysieren Brian Ferneyhough (\u00abMoteti \u2013 Cantiones\u00bb, 1963), Clytus Gottwald (\u00ab\u00d1udo que ans\u00ed junt\u00e1is\u00bb, 1984), J\u00f6rn Peter Hiekel (\u00abErniedrigt \u2013 geknechtet \u2013 verlassen \u2013 verachtet \u2026\u00bb, 1983) und Martin Zenck (Oper \u00abSchwarzerde\u00bb, 2001). <\/p>\n<p> Der Sozialwissenschaftler Dieter Senghaas geht in seinem Essay \u00abResistent zeitgem\u00e4\u00df, nicht vergn\u00fcglich\u00bb politischen Aspekten in Hubers Werk nach, Kjell Keller befasst sich mit Impulsen aus dem Orient auf dessen Musikschaffen, G\u00fcnter Kleinen er\u00f6rtert die Ausweitung harmonischer R\u00e4ume durch arabische Tonarten und Claus-Steffen Mahnkopf konzentriert sich in seinem Beitrag \u00abPolykulturalit\u00e4t als Polyphonietypus\u00bb auf das Alterswerk Klaus Hubers. <\/p>\n<p> Den Beschluss des Doppelbandes bilden die Abstracts, bibliografische Hinweise, die Zeittafel und die Kurzbiografien der Autoren. <\/span> <span class=\"txt-m-black\">(<em>ws<\/em>)<\/span><\/p>\n<p><\/p>\n<p> <center> <\/p>\n<table style=\"width: 430px;\" summary=\"linie\" border=\"0\" cellspacing=\"0\" cellpadding=\"0\">\n<tbody>\n<tr>\n<td colspan=\"9\" bgcolor=\"#666666\" height=\"1\"><img loading=\"lazy\" decoding=\"async\" src=\"http:\/\/212.60.37.143\/grafiken\/dbrown1x1.gif\" border=\"0\" width=\"1\" height=\"1\" \/><\/td>\n<\/tr>\n<\/tbody>\n<\/table>\n<p> <\/center> <\/p>\n<p><span class=\"txt-s-black\">Klaus Huber. Reihe Musik-Konzepte, Band 137\/138. Neue Folge, herausgegeben von Ulrich Tadday. VIII\/2007, edition text + kritik im Richard Boorberg Verlag, M\u00fcnchen. 181 Seiten mit Abbildungen und Notenbeispielen. \u20ac 22,\u2013. Fr. 37.\u2013.<\/span><\/p>\n","protected":false},"excerpt":{"rendered":"<p>24.09.2007 &#8212; Musik ist ihm \u00abetwas existentiell Notwendiges, wenn auch nicht direkt N\u00fctzliches\u00bb. Das Zentrale seines Wirkens sei ein humanes&#8230;<\/p>\n","protected":false},"author":1,"featured_media":0,"comment_status":"open","ping_status":"open","sticky":false,"template":"","format":"standard","meta":{"footnotes":""},"categories":[11],"tags":[],"class_list":["post-646","post","type-post","status-publish","format-standard","hentry","category-buchbesprechungen","entry"],"_links":{"self":[{"href":"https:\/\/codexflores.ch\/index.php\/wp-json\/wp\/v2\/posts\/646","targetHints":{"allow":["GET"]}}],"collection":[{"href":"https:\/\/codexflores.ch\/index.php\/wp-json\/wp\/v2\/posts"}],"about":[{"href":"https:\/\/codexflores.ch\/index.php\/wp-json\/wp\/v2\/types\/post"}],"author":[{"embeddable":true,"href":"https:\/\/codexflores.ch\/index.php\/wp-json\/wp\/v2\/users\/1"}],"replies":[{"embeddable":true,"href":"https:\/\/codexflores.ch\/index.php\/wp-json\/wp\/v2\/comments?post=646"}],"version-history":[{"count":0,"href":"https:\/\/codexflores.ch\/index.php\/wp-json\/wp\/v2\/posts\/646\/revisions"}],"wp:attachment":[{"href":"https:\/\/codexflores.ch\/index.php\/wp-json\/wp\/v2\/media?parent=646"}],"wp:term":[{"taxonomy":"category","embeddable":true,"href":"https:\/\/codexflores.ch\/index.php\/wp-json\/wp\/v2\/categories?post=646"},{"taxonomy":"post_tag","embeddable":true,"href":"https:\/\/codexflores.ch\/index.php\/wp-json\/wp\/v2\/tags?post=646"}],"curies":[{"name":"wp","href":"https:\/\/api.w.org\/{rel}","templated":true}]}}