{"id":650,"date":"2014-01-11T20:59:25","date_gmt":"2014-01-11T20:59:25","guid":{"rendered":"https:\/\/codexflores.ch\/index.php\/2014\/01\/11\/materialien-zu-leben-und-werk-frangis-ali-sades\/"},"modified":"2014-01-11T20:59:25","modified_gmt":"2014-01-11T20:59:25","slug":"materialien-zu-leben-und-werk-frangis-ali-sades","status":"publish","type":"post","link":"https:\/\/codexflores.ch\/index.php\/2014\/01\/11\/materialien-zu-leben-und-werk-frangis-ali-sades\/","title":{"rendered":"Materialien zu Leben und Werk Frangis Ali-Sades"},"content":{"rendered":"<p><span class=\"txt-m-black\"><img decoding=\"async\" src=\"http:\/\/212.60.37.143\/bilder\/2007\/071115alisade.jpg\" border=\"0\" align=\"left\" \/>16.11.2007 &#8212; Rechtzeitig zum 60. Geburtstag Frangis-Ali Sades ist im Pfau-Verlag, der sich auf die Dokumentation zeitgen\u00f6ssischer Musik spezialisiert hat, eine Materialsammlung zum Wirken der aserbeidschanischen Komponistin erschienen. Zusammengestellt hat sie die Musikwissenschaftlerin Ulrike Patow, die vor allem auf Ali-Sades Bedeutung als \u00abVermittlerin zwischen Orient und Okzident\u00bb fokussiert. Tats\u00e4chlich handelt es sich um eine bunte, teils eher zuf\u00e4llig anmutende, aber detailreiche und n\u00fctzliche Kompilation. Neben einer wenig verdichteten chronologisch aufz\u00e4hlenden Einf\u00fchrung Patows versammelt der Band Zitate aus Rezensionen und Interviews unterschiedlicher Qualit\u00e4t und Aussagekraft sowie die deutsche \u00dcbersetzung der Rede, welche die Komponistin 2002 am International Zermatt Symposium on Creativity, Economics, Arts and Sciences gehalten hat.<\/p>\n<p> Die Zusammenstellung macht auch deutlich, wie eng die Verbindungen der Tonsch\u00f6pferin zur Schweiz sind, vor allem \u00fcber das Berner Ensemble La Strimpellata, den Basler Musiker Ivan Monighetti und Lucerne Festival, respektive die Internationalen Musikfestwochen Luzern, wie das Festival 1999, als Ali-Sade als Composer-in-Residence amtete, noch hiess. La Strimpellata und Monighetti waren zuvor \u2212 1997 \u2212 nach Mersin in der T\u00fcrkei gereist, wo Ali-Sade ihren Wohnsitz hatte, um in mehreren Konzerten ihren 50. Geburtstag zu feiern.<\/p>\n<p> Anr\u00fchrend liest sich ein Geleitwort Mstislaw Rostropowitschs. Es d\u00fcrfte einer seiner letzten Texte sein und ist in dem Buch als Fotokopie auch in der russischen Originalversion abgebildet. In dem Text \u00e4ussert der Cellist die Zuversicht, dass es zu einer weiteren Zusammenarbeit mit seiner aserbeidschanischen Landsm\u00e4nnin kommen werde, nachdem sie f\u00fcr den 8. Internationalen Rostropowitsch-Wettbewerb in Paris 2005 ein St\u00fcck geschrieben hat. Der Tod des Cellisten zu Beginn des Jahres hat diese Aussichten leider zerschlagen.<\/p>\n<p> Sehr n\u00fctzlich sind die zahlreichen, akribisch zusammengetragenen Materialsammlungen. Es handelt sich um chronologisch und nach Gattungen geordnete Werkverzeichnisse, eine tabellarische Chronologie von Lebens- und Auff\u00fchrungsdaten, eine Bibliographie, eine Diskografie sowie Aufz\u00e4hlungen von Radio- und Fernsehsendungen \u00fcber die Musikerin und Angaben zu ihrem pianistischen Repertoire und den von ihr realisierten Urauff\u00fchrungen von Werken aserbeidschanischer Kollegen. <\/span> <span class=\"txt-m-black\">(<em>wb<\/em>)<\/span><\/p>\n<p><\/p>\n<p> <center> <\/p>\n<table style=\"width: 430px;\" summary=\"linie\" border=\"0\" cellspacing=\"0\" cellpadding=\"0\">\n<tbody>\n<tr>\n<td colspan=\"9\" bgcolor=\"#666666\" height=\"1\"><img loading=\"lazy\" decoding=\"async\" src=\"http:\/\/212.60.37.143\/grafiken\/dbrown1x1.gif\" border=\"0\" width=\"1\" height=\"1\" \/><\/td>\n<\/tr>\n<\/tbody>\n<\/table>\n<p> <\/center> <\/p>\n<p><span class=\"txt-s-black\">Ulrike Patow: Frangis Ali-Sade. Leben und Schaffen der aserbeidschanischen Komponistin und Pianistin \u2212 eine Dokumentation, Pfau-Verlag, Saarbr\u00fccken 2007. ISBN 978-3-89727-360-3. <a href=\"http:\/\/www.pfau-verlag.de\" target=\"blank\" rel=\"noopener noreferrer\">www.pfau-verlag.de<\/a> <\/span><\/p>\n","protected":false},"excerpt":{"rendered":"<p>16.11.2007 &#8212; Rechtzeitig zum 60. Geburtstag Frangis-Ali Sades ist im Pfau-Verlag, der sich auf die Dokumentation zeitgen\u00f6ssischer Musik spezialisiert hat,&#8230;<\/p>\n","protected":false},"author":1,"featured_media":0,"comment_status":"open","ping_status":"open","sticky":false,"template":"","format":"standard","meta":{"footnotes":""},"categories":[11],"tags":[],"class_list":["post-650","post","type-post","status-publish","format-standard","hentry","category-buchbesprechungen","entry"],"_links":{"self":[{"href":"https:\/\/codexflores.ch\/index.php\/wp-json\/wp\/v2\/posts\/650","targetHints":{"allow":["GET"]}}],"collection":[{"href":"https:\/\/codexflores.ch\/index.php\/wp-json\/wp\/v2\/posts"}],"about":[{"href":"https:\/\/codexflores.ch\/index.php\/wp-json\/wp\/v2\/types\/post"}],"author":[{"embeddable":true,"href":"https:\/\/codexflores.ch\/index.php\/wp-json\/wp\/v2\/users\/1"}],"replies":[{"embeddable":true,"href":"https:\/\/codexflores.ch\/index.php\/wp-json\/wp\/v2\/comments?post=650"}],"version-history":[{"count":0,"href":"https:\/\/codexflores.ch\/index.php\/wp-json\/wp\/v2\/posts\/650\/revisions"}],"wp:attachment":[{"href":"https:\/\/codexflores.ch\/index.php\/wp-json\/wp\/v2\/media?parent=650"}],"wp:term":[{"taxonomy":"category","embeddable":true,"href":"https:\/\/codexflores.ch\/index.php\/wp-json\/wp\/v2\/categories?post=650"},{"taxonomy":"post_tag","embeddable":true,"href":"https:\/\/codexflores.ch\/index.php\/wp-json\/wp\/v2\/tags?post=650"}],"curies":[{"name":"wp","href":"https:\/\/api.w.org\/{rel}","templated":true}]}}