{"id":666,"date":"2014-01-11T21:09:31","date_gmt":"2014-01-11T21:09:31","guid":{"rendered":"https:\/\/codexflores.ch\/index.php\/2014\/01\/11\/werkeinfuehrungen-orff-und-beethoven\/"},"modified":"2014-01-11T21:09:31","modified_gmt":"2014-01-11T21:09:31","slug":"werkeinfuehrungen-orff-und-beethoven","status":"publish","type":"post","link":"https:\/\/codexflores.ch\/index.php\/2014\/01\/11\/werkeinfuehrungen-orff-und-beethoven\/","title":{"rendered":"Werkeinf\u00fchrungen: Orff und Beethoven"},"content":{"rendered":"<p><span class=\"txt-m-black\"><img decoding=\"async\" src=\"http:\/\/212.60.37.143\/bilder\/2008\/orff60708.jpg\" border=\"0\" align=\"left\" \/>12.08.2008 &#8212; Als Susanne Gl\u00e4\u00df, Universit\u00e4tsmusikdirektorin in Bremen, im Jahre 2003 Carl Orffs \u00abCarmina Burana\u00bb einstudierte, suchte sie f\u00fcr das begleitende musikwissenschaftliche Seminar Materialien \u00fcber das popul\u00e4re Chorwerk. Die Ausbeute war erstaunlicherweise gering, und so entschloss sie sich, eine aktuelle Einf\u00fchrung zu \u00abCarmina Burana\u00bb nach eigenen gr\u00fcndlichen Studien auch der Prim\u00e4rquellen selbst zu verfassen. Das Unterfangen ist ihr rundum gegl\u00fcckt \u2013 zum Gl\u00fcck f\u00fcr alle an diesem Meisterwerk Interessierten.<\/p>\n<p> Am Beginn jedes der 25 Kapitel \u2013 entsprechend der Werkteile \u2013 stehen Besetzung, Kurzcharakteristik des Inhalts und vertonter Text (auch in \u00dcbersetzung). Zur Sprache kommen nicht nur Aspekte, die in direktem Zusammenhang mit der jeweiligen Nummer stehen, sondern der Blick weitet sich im anschliessenden Exkurs. Einige Beispiele der dabei behandelten Themen: Codex Buranus, Mittelalter (Text, Tanz, Musik), Monteverdi, Humor und Witz, Auff\u00fchrungsgeschichte der \u00abCarmina Burana\u00bb, das Orffsche Schulwerk sowie Orff und die bayerische Volksmusik, die Comedian Harmonists, Religion, das Milit\u00e4r, der Faschismus. Nicht weniger ergiebig und fundiert sind die auff\u00fchrungspraktischen Erfahrungen und Hinweise (Text\u00fcbersetzung. Aussprache des Lateinischen, Perkussion und Sprechen, Verzierungen). <\/p>\n<p> Am Schluss der meisten Kapitel f\u00fchrt die Autorin zum Weiterlesen empfohlene Literatur (B\u00fccher, Zeitschriften) auf.<\/p>\n<p> <strong> Beethovens Streichquartette<\/strong> <\/p>\n<p> <img decoding=\"async\" src=\"http:\/\/212.60.37.143\/bilder\/2008\/beet60808.jpg\" border=\"0\" align=\"left\" \/>Der Gemeinschaftsarbeit von f\u00fcnf Musikwissenschaftlern ist die ebenso gr\u00fcndliche wie erhellende Werkeinf\u00fchrung zu Beethovens Streichquartetten entsprungen; Anlass war das 20-j\u00e4hrige Bestehen des Leipziger Streichquartetts. <\/p>\n<p> Peter G\u00fclke er\u00f6ffnet das Taschenbuch mit dem Essay \u00abBeethoven \u2013 Musik der anderen Zeit\u00bb. Emil Platen widmet sich dem Sp\u00e4twerk im Aufsatz \u00abDie letzten Quartette: Vom Einfall zur Drucklegung\u00bb. Aspekten der Interpretation und der Auff\u00fchrungspraxis nimmt sich Matthias Moosdorf an, und Peter Korfmacher gibt einen kommentierten \u00dcberblick \u00fcber die Einspielungen illustrer Ensembles seit 1974. <\/p>\n<p> Im Zentrum stehen Gerd Indorfs in drei Teile gegliederte, von je einer Gesamtw\u00fcrdigung begleitete Besprechungen (Satz f\u00fcr Satz) und Analysen der fr\u00fchen Sammlung op. 18, der f\u00fcnf Werke op. 59 bis 95 und der f\u00fcnf sp\u00e4ten Quartette op. 127 bis 135 samt der Grossen Fuge op. 133. <\/p>\n<p> Da auf Notenbeispiele verzichtet wurde, sind zum eingehenden Studium die Partituren (B\u00e4renreiter- oder Henle-Ausgaben) unerl\u00e4sslich. Wer sich lieber h\u00f6rend in die Analysen vertieft, findet detaillierte Zeitangaben, die sich auf die Gesamteinspielung der Beethoven-Quartette durch das Leipziger Streichquartett beziehen. <\/p>\n<p> Die beigef\u00fcgte Mini-DVD bietet die mit Videokunst garnierte Grosse Fuge in der Interpretation des Leipziger Ensembles. <\/span> <span class=\"txt-m-black\">(<em>ws<\/em>)<\/span><\/p>\n<p><\/p>\n<p> <center> <\/p>\n<table style=\"width: 430px;\" summary=\"linie\" border=\"0\" cellspacing=\"0\" cellpadding=\"0\">\n<tbody>\n<tr>\n<td colspan=\"9\" bgcolor=\"#666666\" height=\"1\"><img loading=\"lazy\" decoding=\"async\" src=\"http:\/\/212.60.37.143\/grafiken\/dbrown1x1.gif\" border=\"0\" width=\"1\" height=\"1\" \/><\/td>\n<\/tr>\n<\/tbody>\n<\/table>\n<p> <\/center> <\/p>\n<p><span class=\"txt-s-black\">Susanne Gl\u00e4\u00df: Carl Orff &#8211; \u00abCarmina Burana\u00bb. Mit Notenbeispielen und Abbildungen. B\u00e4renreiter Werkeinf\u00fchrungen. B\u00e4renreiter-Verlag, Kassel 2008. 160 Seiten. \u20ac 13,95. Fr. 25.90. <\/p>\n<p> Matthias Moosdorf (Hrsg.): Ludwig van Beethoven: Die Streichquartette. Mit 8-cm-Video-Audio-DVD. B\u00e4renreiter Werkeinf\u00fchrungen. B\u00e4renreiter-Verlag, Kassel 2007. 160 Seiten. \u20ac 16,95. Fr. 32.50. <\/span><\/p>\n","protected":false},"excerpt":{"rendered":"<p>12.08.2008 &#8212; Als Susanne Gl\u00e4\u00df, Universit\u00e4tsmusikdirektorin in Bremen, im Jahre 2003 Carl Orffs \u00abCarmina Burana\u00bb einstudierte, suchte sie f\u00fcr das&#8230;<\/p>\n","protected":false},"author":1,"featured_media":0,"comment_status":"open","ping_status":"open","sticky":false,"template":"","format":"standard","meta":{"footnotes":""},"categories":[11],"tags":[],"class_list":["post-666","post","type-post","status-publish","format-standard","hentry","category-buchbesprechungen","entry"],"_links":{"self":[{"href":"https:\/\/codexflores.ch\/index.php\/wp-json\/wp\/v2\/posts\/666","targetHints":{"allow":["GET"]}}],"collection":[{"href":"https:\/\/codexflores.ch\/index.php\/wp-json\/wp\/v2\/posts"}],"about":[{"href":"https:\/\/codexflores.ch\/index.php\/wp-json\/wp\/v2\/types\/post"}],"author":[{"embeddable":true,"href":"https:\/\/codexflores.ch\/index.php\/wp-json\/wp\/v2\/users\/1"}],"replies":[{"embeddable":true,"href":"https:\/\/codexflores.ch\/index.php\/wp-json\/wp\/v2\/comments?post=666"}],"version-history":[{"count":0,"href":"https:\/\/codexflores.ch\/index.php\/wp-json\/wp\/v2\/posts\/666\/revisions"}],"wp:attachment":[{"href":"https:\/\/codexflores.ch\/index.php\/wp-json\/wp\/v2\/media?parent=666"}],"wp:term":[{"taxonomy":"category","embeddable":true,"href":"https:\/\/codexflores.ch\/index.php\/wp-json\/wp\/v2\/categories?post=666"},{"taxonomy":"post_tag","embeddable":true,"href":"https:\/\/codexflores.ch\/index.php\/wp-json\/wp\/v2\/tags?post=666"}],"curies":[{"name":"wp","href":"https:\/\/api.w.org\/{rel}","templated":true}]}}