{"id":670,"date":"2014-01-11T21:11:30","date_gmt":"2014-01-11T21:11:30","guid":{"rendered":"https:\/\/codexflores.ch\/index.php\/2014\/01\/11\/kosmoi-peter-eoetvoes-als-basler-gastprofessor\/"},"modified":"2014-01-11T21:11:30","modified_gmt":"2014-01-11T21:11:30","slug":"kosmoi-peter-eoetvoes-als-basler-gastprofessor","status":"publish","type":"post","link":"https:\/\/codexflores.ch\/index.php\/2014\/01\/11\/kosmoi-peter-eoetvoes-als-basler-gastprofessor\/","title":{"rendered":"Kosmoi &#8211; Peter E\u00f6tv\u00f6s als Basler Gastprofessor"},"content":{"rendered":"<p><span class=\"txt-m-black\"><img decoding=\"async\" src=\"http:\/\/212.60.37.143\/bilder\/2008\/080828eoetvoes.jpg\" border=\"0\" align=\"left\" \/>15.10.2008 &#8212; 2005\/2006 beherbergten die Universit\u00e4t Basel und die Hochschule f\u00fcr Musik der Musik-Akademie der Stadt Basel den ungarischen Komponisten und Dirigenten Peter E\u00f6tv\u00f6s gemeinsam als Gastprofessor. Zahlreiche theoretische und praktische Veranstaltungen begleiteten sein Wirken. Einiges davon ist in dem Band \u00abKosmoi \u2212 Peter E\u00f6tv\u00f6s an der Hochschule f\u00fcr Musik der Musik-Akademie Basel. Schriften, Gespr\u00e4che, Dokumente\u00bb zusammengefasst. Das vom Pfau Verlag sorgf\u00e4ltig edierte und mit zahlreichen Abbildungen von E\u00f6tv\u00f6s-Autografen versehene Buch ist aber weit mehr als bloss eine auf das Basler Jahr fokussierte Chronik der Ereignisse. Es versammelt dar\u00fcberhinaus verschiedene Gespr\u00e4che, die E\u00f6tv\u00f6s zwischen 1986 und 2007 mit wechselnden Partnern gef\u00fchrt hat. Sie zeichnen nicht nur ein lebhaftes Bild von E\u00f6tv\u00f6s&#8216; Werdegang zwischen Budapest, K\u00f6ln und dem globalen Musikbetrieb, sondern bieten dar\u00fcberhinaus auch Einblicke in die Entwicklung der ungarischen Avantgarde vor und nach dem Fallen des Eisernen Vorhangs. In einem weitern Kontext stehen auch Schlaglichter auf den Umgang mit Sprache in der ungarischen Moderne zwischen Kodaly und E\u00f6tv\u00f6s und das Innenleben des legend\u00e4ren Budapester Studios f\u00fcr elektronische Musik.<\/p>\n<p> Teils sehr detailliert und technisch, aber kenntnisreich sind Analysen von Kompositionen E\u00f6tv\u00f6s&#8216;, namentlich der musiktheatralischen Werke \u00abDrei Schwestern\u00bb, \u00abChinese Opera\u00bb, \u00abAs I Crossed a Bridge of Dreams\u00bb und \u00abShadows\u00bb, sowie der Klavierst\u00fccke \u00abErdenklavier \u2212 Himmelklavier\u00bb, \u00abKosmos\u00bb und dem Orchesterst\u00fcck \u00abPsychokosmos\u00bb. Sie sind allesamt mit Notenbeispielen, Handschriften, B\u00fchnenpl\u00e4nen, Skizzen und so weiter reich dokumentiert und illustriert. <\/p>\n<p> Abgeschlossen wird die Dokumentation vom lesenswerten Transkript einer hochkar\u00e4tigen Gespr\u00e4chsrunde zum Thema \u00abKomponieren heute\u00bb, in dem neben E\u00f6tv\u00f6s Georg Friedrich Haas, Roland Moser, Isabel Mundry und Mathias Spalinger ihre Arbeit am akustischen Material reflektieren &#8211; moderiert von Ulrich Mosch. <\/span> <span class=\"txt-m-black\">(<em>cf<\/em>)<\/span><\/p>\n<p><\/p>\n<p> <center> <\/p>\n<table style=\"width: 430px;\" summary=\"linie\" border=\"0\" cellspacing=\"0\" cellpadding=\"0\">\n<tbody>\n<tr>\n<td colspan=\"9\" bgcolor=\"#666666\" height=\"1\"><img loading=\"lazy\" decoding=\"async\" src=\"http:\/\/212.60.37.143\/grafiken\/dbrown1x1.gif\" border=\"0\" width=\"1\" height=\"1\" \/><\/td>\n<\/tr>\n<\/tbody>\n<\/table>\n<p> <\/center> <\/p>\n<p><span class=\"txt-s-black\">Kosmoi. Peter E\u00f6tv\u00f6s an der Hochschule f\u00fcr Musik der Musik-Akademie der Stadt Basel. Schriften, Gespr\u00e4che, Dokumente. Herausgegeben von Michael Kunkel. Pfau-Verlag Saarbr\u00fccken 2007. 332 Seiten, zahlr. Abbildungen, ISBN 978-3-89727-364-1, \u20ac 30, Web. <a href=\"http:\/\/www.pfau-verlag.de\" target=\"blank\" rel=\"noopener noreferrer\">www.pfau-verlag.de<\/a> <\/span><\/p>\n","protected":false},"excerpt":{"rendered":"<p>15.10.2008 &#8212; 2005\/2006 beherbergten die Universit\u00e4t Basel und die Hochschule f\u00fcr Musik der Musik-Akademie der Stadt Basel den ungarischen Komponisten&#8230;<\/p>\n","protected":false},"author":1,"featured_media":0,"comment_status":"open","ping_status":"open","sticky":false,"template":"","format":"standard","meta":{"footnotes":""},"categories":[11],"tags":[],"class_list":["post-670","post","type-post","status-publish","format-standard","hentry","category-buchbesprechungen","entry"],"_links":{"self":[{"href":"https:\/\/codexflores.ch\/index.php\/wp-json\/wp\/v2\/posts\/670","targetHints":{"allow":["GET"]}}],"collection":[{"href":"https:\/\/codexflores.ch\/index.php\/wp-json\/wp\/v2\/posts"}],"about":[{"href":"https:\/\/codexflores.ch\/index.php\/wp-json\/wp\/v2\/types\/post"}],"author":[{"embeddable":true,"href":"https:\/\/codexflores.ch\/index.php\/wp-json\/wp\/v2\/users\/1"}],"replies":[{"embeddable":true,"href":"https:\/\/codexflores.ch\/index.php\/wp-json\/wp\/v2\/comments?post=670"}],"version-history":[{"count":0,"href":"https:\/\/codexflores.ch\/index.php\/wp-json\/wp\/v2\/posts\/670\/revisions"}],"wp:attachment":[{"href":"https:\/\/codexflores.ch\/index.php\/wp-json\/wp\/v2\/media?parent=670"}],"wp:term":[{"taxonomy":"category","embeddable":true,"href":"https:\/\/codexflores.ch\/index.php\/wp-json\/wp\/v2\/categories?post=670"},{"taxonomy":"post_tag","embeddable":true,"href":"https:\/\/codexflores.ch\/index.php\/wp-json\/wp\/v2\/tags?post=670"}],"curies":[{"name":"wp","href":"https:\/\/api.w.org\/{rel}","templated":true}]}}