{"id":683,"date":"2014-01-11T21:18:17","date_gmt":"2014-01-11T21:18:17","guid":{"rendered":"https:\/\/codexflores.ch\/index.php\/2014\/01\/11\/haendel-co\/"},"modified":"2014-01-11T21:18:17","modified_gmt":"2014-01-11T21:18:17","slug":"haendel-co","status":"publish","type":"post","link":"https:\/\/codexflores.ch\/index.php\/2014\/01\/11\/haendel-co\/","title":{"rendered":"H\u00e4ndel &#038; Co."},"content":{"rendered":"<p><span class=\"txt-m-black\"><img decoding=\"async\" src=\"http:\/\/212.60.37.143\/bilder\/2009\/wersin15409.jpg\" border=\"0\" align=\"left\" \/>16.04.2009 &#8212; H\u00f6fe, Residenzen, Kathedralen, St\u00e4dte \u2013 europ\u00e4ische Orte, wo sich ein reiches Musikleben entfaltete, wo Komponisten wirkten, unterst\u00fctzt von K\u00f6nigen, Kardin\u00e4len, Herz\u00f6gen, Landgrafen. Durch die weiten vielf\u00e4ltigen Landschaften des Barocks, heute Erholungsgebiete f\u00fcr Kunst- und Musikliebende, einst Experimentierfelder k\u00fchner Geister, f\u00fchrt in elf Etappen Michael Wersin, S\u00e4nger, Chordirigent und Musikjournalist, in seinem Buch zum H\u00e4ndeljahr 2009. <\/p>\n<p> Dementsprechend bildet, gegliedert in drei Kapitel, die Vita des Sachsen den Hauptakzent: am Beginn (H\u00e4ndels Charakter, sein Berufsbild und die italienischen Jahre), in der Mitte (die italienische Oper in London) und am Ende des Bandes (das englischsprachige Oratorium). Unter \u00ab&amp; Co.\u00bb erscheinen Zeitgenossen und Vorg\u00e4nger, Johann Sebastian Bach (in zwei Kapiteln), Vivaldi, Buxtehude, Sch\u00fctz, Purcell, Monteverdi und Carlo Gesualdo \u2013 ein Ausschnitt mit Lebenswegen zwischen 1566, dem Geburtsjahr Don Gesualdos, und 1759, H\u00e4ndels Todesjahr. <\/p>\n<p> Michael Wersin erweist sich als packender Erz\u00e4hler, der in informationsdichter Schilderung der kontrastreichen Lebens- und Schaffensstationen Sachlichkeit und Emotion, historische \u00dcberlieferung und behutsame Deutung in anregender Art zu vereinen versteht, beispielhaft psychologisch einf\u00fchlend selbst in der Biografie Gesualdos, des F\u00fcrsten von Venosa, der seine Gattin und deren Liebhaber ermordete, hier aber hauptgewichtig in seiner zerrissenen Psyche und der k\u00fcnstlerischen Leistung gew\u00fcrdigt wird. <\/p>\n<p> Dieserart vertiefte Auseinandersetzung weckt die Lust am H\u00f6rerlebnis. Wersin, t\u00e4tig auch als CD-Rezensent, weist mit kurzen, die Qualit\u00e4t charakterisierenden Hinweisen innerhalb der Kapitel auf wichtige Einspielungen hin. Schnellen Zugriff zu Personen und Werken erm\u00f6glicht das Verzeichnis am Schluss des Taschenbuchs. <\/p>\n<p> \u00ab&amp; Co.\u00bb meint \u00fcber die acht genannten Komponisten hinaus noch viele mehr: Berufskollegen, S\u00e4ngerinnen, Instrumentalisten, Librettisten, Dichter, gekr\u00f6nte H\u00e4upter, Adlige. Lebenslinien verkn\u00fcpfen, ber\u00fchren, \u00fcberlagern sich, und k\u00fcnstlerische Beziehungen und Beeinflussungen in der Kompositionstechnik und -theorie, der Arbeits- und Auff\u00fchrungsbedingungen, der Musikpublizistik, des Notendrucks pr\u00e4gen ein farbenreiches, vitales Bild des Lebens \u2013 nicht nur des musikalischen \u2013 in Europa von der Sp\u00e4trenaissance bis zum Ausklang des Barocks. <\/span> <span class=\"txt-m-black\">(<em>ws<\/em>)<\/span><\/p>\n<p><\/p>\n<p> <center> <\/p>\n<table style=\"width: 430px;\" summary=\"linie\" border=\"0\" cellspacing=\"0\" cellpadding=\"0\">\n<tbody>\n<tr>\n<td colspan=\"9\" bgcolor=\"#666666\" height=\"1\"><img loading=\"lazy\" decoding=\"async\" src=\"http:\/\/212.60.37.143\/grafiken\/dbrown1x1.gif\" border=\"0\" width=\"1\" height=\"1\" \/><\/td>\n<\/tr>\n<\/tbody>\n<\/table>\n<p> <\/center> <\/p>\n<p><span class=\"txt-s-black\">Michael Wersin: H\u00e4ndel &amp; Co. Die Musik der Barockzeit. Reclam-Verlag, Stuttgart 2009. TB 20181. 219 Seiten. \u20ac 8,90. Fr. 16.90.<\/p>\n<p> Siehe auch: <br \/> <a href=\"http:\/\/212.60.37.143\/rezensionen_ind2.php?art=476\">Faszination Klassik<\/a><br \/> <a href=\"http:\/\/212.60.37.143\/rezensionen_ind2.php?art=334\">Reclams F\u00fchrer zur lateinischen Kirchenmusik<\/a><\/span><\/p>\n","protected":false},"excerpt":{"rendered":"<p>16.04.2009 &#8212; H\u00f6fe, Residenzen, Kathedralen, St\u00e4dte \u2013 europ\u00e4ische Orte, wo sich ein reiches Musikleben entfaltete, wo Komponisten wirkten, unterst\u00fctzt von&#8230;<\/p>\n","protected":false},"author":1,"featured_media":0,"comment_status":"open","ping_status":"open","sticky":false,"template":"","format":"standard","meta":{"footnotes":""},"categories":[11],"tags":[],"class_list":["post-683","post","type-post","status-publish","format-standard","hentry","category-buchbesprechungen","entry"],"_links":{"self":[{"href":"https:\/\/codexflores.ch\/index.php\/wp-json\/wp\/v2\/posts\/683","targetHints":{"allow":["GET"]}}],"collection":[{"href":"https:\/\/codexflores.ch\/index.php\/wp-json\/wp\/v2\/posts"}],"about":[{"href":"https:\/\/codexflores.ch\/index.php\/wp-json\/wp\/v2\/types\/post"}],"author":[{"embeddable":true,"href":"https:\/\/codexflores.ch\/index.php\/wp-json\/wp\/v2\/users\/1"}],"replies":[{"embeddable":true,"href":"https:\/\/codexflores.ch\/index.php\/wp-json\/wp\/v2\/comments?post=683"}],"version-history":[{"count":0,"href":"https:\/\/codexflores.ch\/index.php\/wp-json\/wp\/v2\/posts\/683\/revisions"}],"wp:attachment":[{"href":"https:\/\/codexflores.ch\/index.php\/wp-json\/wp\/v2\/media?parent=683"}],"wp:term":[{"taxonomy":"category","embeddable":true,"href":"https:\/\/codexflores.ch\/index.php\/wp-json\/wp\/v2\/categories?post=683"},{"taxonomy":"post_tag","embeddable":true,"href":"https:\/\/codexflores.ch\/index.php\/wp-json\/wp\/v2\/tags?post=683"}],"curies":[{"name":"wp","href":"https:\/\/api.w.org\/{rel}","templated":true}]}}