{"id":697,"date":"2014-01-11T21:25:42","date_gmt":"2014-01-11T21:25:42","guid":{"rendered":"https:\/\/codexflores.ch\/index.php\/2014\/01\/11\/metzler-lexikon-avantgarde\/"},"modified":"2014-01-11T21:25:42","modified_gmt":"2014-01-11T21:25:42","slug":"metzler-lexikon-avantgarde","status":"publish","type":"post","link":"https:\/\/codexflores.ch\/index.php\/2014\/01\/11\/metzler-lexikon-avantgarde\/","title":{"rendered":"Metzler Lexikon Avantgarde"},"content":{"rendered":"<p><span class=\"txt-m-black\"> <img decoding=\"async\" src=\"http:\/\/212.60.37.143\/bilder\/2009\/avantgarde8709.jpg\" border=\"0\" align=\"left\" \/>25.09.2009 &#8212; Die \u00abSpeerspitze der Moderne\u00bb, die k\u00fcnstlerische Avantgarde (die Vorhut, dem milit\u00e4rischen Sprachgebrauch entlehnt), hat das 20. Jahrhundert tief greifend gepr\u00e4gt, nachhaltig in vielen Gebieten mit ihren zahlreichen Ismen: Futurismus, Fauvismus, Kubismus, Konstruktivismus, Expressionismus, Dadaismus, Surrealismus\u2026 weiland allesamt B\u00fcrgerschreck-Gespenster. <\/p>\n<p> Das Manifest \u00abLe futurisme\u00bb (Paris 1909) von Filippo Tommaso Marinetti markiert die Geburt des (italienischen) Futurismus; ebenfalls per Manifest ausgerufen wird der Surrealismus durch Andr\u00e9 Breton (Paris 1924). Nur wenige Ismen kommen in der Folge aus ohne Manifeste, Proklamationen und Aufrufe. <\/p>\n<p> Das vorliegende Lexikon, das erste seiner Art in deutscher Sprache, bietet einen \u00dcberblick \u00fcber das weite Feld der \u00e4sthetischen Avantgarde (bzw. Avantgarden), das \u00abGeflecht von Gruppierungen, Bewegungen, Ismen, Str\u00f6mungen, Tendenzen, von Einzelk\u00fcnstlern, Galeristen, Verlegern, von Zeitschriften und Zeitungen mit dem Anspruch, nicht nur eine radikale Neuerung k\u00fcnstlerischer Formen und der einzelnen K\u00fcnste zu bewirken, sondern zugleich eine g\u00e4nzlich neue Auffassung von Kunst und eine neuartige Positionierung der Kunst in der Gesellschaft durchzusetzen\u00bb (Einleitung). <\/p>\n<p> Von den Schwerpunkten Europa und Nordamerika greifen die 80 Autorinnen und Autoren aus \u00fcber einem Dutzend L\u00e4ndern in 217 mit Literaturangaben versehenen Artikeln auch in den s\u00fcdlichen Mittelmeerraum, nach Asien und S\u00fcdamerika aus und zeichnen die Gesamtentwicklung der \u00e4sthetischen Avantgarde in den einzelnen K\u00fcnsten nach, jene der historischen oder klassischen Avantgarde der ersten Jahrhunderth\u00e4lfte wie auch die sogenannte Neo-Avantgarde zwischen dem Zweiten Weltkrieg und der Postmoderne. <\/p>\n<p> Der lesefreundlich im Zweispaltensatz umbrochene Band bietet a) Eintr\u00e4ge zu einzelnen Avantgarde-Bewegungen und Ismen (beispielsweise Dada, Cobra, Pop-Art, Fluxus, Kreationismus); b) Eintr\u00e4ge zu einzelnen Kunstgattungen wie Architektur samt St\u00e4dtebau, bildende Kunst, Design, Film, Fotografie, Literatur, Mode, Musik, Tanz, Theater, Typografie, Zeitschriften; c) Kernbegriffe zu einzelnen Kunstformen und Kategorien der Avantgarde und der Avantgarde-Forschung (etwa Abstraktion, Collage, Gender, Geschwindigkeit, Gesamtkunstwerk, Lautdichtung); schliesslich d) Lemmata zu einzelnen L\u00e4ndern (40 an der Zahl, darunter auch Georgien, Island, Kroatien, die baltischen Staaten), zu Regionen und Sprachen (auch Esperanto und Jiddisch). <\/p>\n<p> In den Blick genommen werden auch die Verflechtungen und Entwicklungen, die Netzwerke auf r\u00e4umlicher und zeitlicher Ebene im Grenzen \u00fcberschreitenden Kontext. \u00abDiese Lemmata zeigen insgesamt die Internationalit\u00e4t und Vernetzung der Avantgarde und verdeutlichen, dass die Avantgarde keine Sache von ,Zentren\u2019 allein war, sondern dass sie auch in der ,Peripherie\u2019 der sog. ,kleineren\u2019 L\u00e4nder und Kulturen durchaus pr\u00e4gend aufgetreten ist.\u00bb (Einleitung) <\/p>\n<p> Die Klangkunst ist hier verst\u00e4ndlicherweise kein zentrales Begriffsfeld. Dem Eintrag Musik sind f\u00fcnfeinhalb Seiten gewidmet; unter den damit zusammenh\u00e4ngenden Stichworten, z. B. Akustische Kunst \/ Ars Acustica, Bruitismus, Jazz, Minimalismus, serielle Musik, Zufall, finden sich Erweiterungen. <\/p>\n<p> Erschlossen und bereichert wird der Band durch das Artikelverzeichnis am Anfang, die Auswahlbibliographie, das Mitarbeiterverzeichnis und das Personenregister im Anhang. <\/p>\n<p> Der Entdeckungen, Ans\u00e4tze, Einsichten, der divergierenden Meinungen sind viele in diesem an Informationen dichten, an Anregungen reichen Lexikon. Das beginnt mit der Einleitung, einem umfassenden Essay zur k\u00fcnstlerischen Avantgarde im 20. Jahrhundert, setzt sich fort in den eloquent formulierten, klar aufgebauten Beitr\u00e4gen renommierter Forscherinnen und Forscher unter den Herausgebern Hubert van den Berg und Walter F\u00e4hnders. \u2013 Eine Fundgrube f\u00fcr die Kunst, ein raumgreifendes Panorama der Sozial- und Geistesgeschichte eines in Vielem nachwirkenden Jahrhunderts. <\/span> <span class=\"txt-m-black\">(<em>ws<\/em>)<\/span><\/p>\n<p><\/p>\n<p> <center> <\/p>\n<table style=\"width: 430px;\" summary=\"linie\" border=\"0\" cellspacing=\"0\" cellpadding=\"0\">\n<tbody>\n<tr>\n<td colspan=\"9\" bgcolor=\"#666666\" height=\"1\"><img loading=\"lazy\" decoding=\"async\" src=\"http:\/\/212.60.37.143\/grafiken\/dbrown1x1.gif\" border=\"0\" width=\"1\" height=\"1\" \/><\/td>\n<\/tr>\n<\/tbody>\n<\/table>\n<p> <\/center> <\/p>\n<p><span class=\"txt-s-black\">Metzler Lexikon Avantgarde. Herausgegeben von Hubert van den Berg und Walter F\u00e4hnders. Verlag J. B. Metzler, Stuttgart 2009. 404 Seiten, keine Abbildungen. \u20ac 59,95. Fr. 92.\u2013.<\/span><\/p>\n","protected":false},"excerpt":{"rendered":"<p>25.09.2009 &#8212; Die \u00abSpeerspitze der Moderne\u00bb, die k\u00fcnstlerische Avantgarde (die Vorhut, dem milit\u00e4rischen Sprachgebrauch entlehnt), hat das 20. Jahrhundert tief&#8230;<\/p>\n","protected":false},"author":1,"featured_media":0,"comment_status":"open","ping_status":"open","sticky":false,"template":"","format":"standard","meta":{"footnotes":""},"categories":[11],"tags":[],"class_list":["post-697","post","type-post","status-publish","format-standard","hentry","category-buchbesprechungen","entry"],"_links":{"self":[{"href":"https:\/\/codexflores.ch\/index.php\/wp-json\/wp\/v2\/posts\/697","targetHints":{"allow":["GET"]}}],"collection":[{"href":"https:\/\/codexflores.ch\/index.php\/wp-json\/wp\/v2\/posts"}],"about":[{"href":"https:\/\/codexflores.ch\/index.php\/wp-json\/wp\/v2\/types\/post"}],"author":[{"embeddable":true,"href":"https:\/\/codexflores.ch\/index.php\/wp-json\/wp\/v2\/users\/1"}],"replies":[{"embeddable":true,"href":"https:\/\/codexflores.ch\/index.php\/wp-json\/wp\/v2\/comments?post=697"}],"version-history":[{"count":0,"href":"https:\/\/codexflores.ch\/index.php\/wp-json\/wp\/v2\/posts\/697\/revisions"}],"wp:attachment":[{"href":"https:\/\/codexflores.ch\/index.php\/wp-json\/wp\/v2\/media?parent=697"}],"wp:term":[{"taxonomy":"category","embeddable":true,"href":"https:\/\/codexflores.ch\/index.php\/wp-json\/wp\/v2\/categories?post=697"},{"taxonomy":"post_tag","embeddable":true,"href":"https:\/\/codexflores.ch\/index.php\/wp-json\/wp\/v2\/tags?post=697"}],"curies":[{"name":"wp","href":"https:\/\/api.w.org\/{rel}","templated":true}]}}