{"id":717,"date":"2014-01-12T09:14:39","date_gmt":"2014-01-12T09:14:39","guid":{"rendered":"https:\/\/codexflores.ch\/index.php\/2014\/01\/12\/musik-konzepte-stefan-wolpe-i\/"},"modified":"2014-01-12T09:14:39","modified_gmt":"2014-01-12T09:14:39","slug":"musik-konzepte-stefan-wolpe-i","status":"publish","type":"post","link":"https:\/\/codexflores.ch\/index.php\/2014\/01\/12\/musik-konzepte-stefan-wolpe-i\/","title":{"rendered":"Musik-Konzepte: Stefan Wolpe I"},"content":{"rendered":"<p><span class=\"txt-m-black\"> <img decoding=\"async\" src=\"http:\/\/212.60.37.143\/bilder\/2010\/wolpe13910.jpg\" border=\"0\" align=\"left\" \/>25.09.2010 &#8212; Er geh\u00f6rt zu den aus seiner Heimat Deutschland vertriebenen K\u00fcnstlern und bem\u00fchte sich nach dem Zweiten Weltkrieg vergeblich, dort wieder Fuss fassen zu k\u00f6nnen. Stefan Wolpe, 1902 in Berlin geboren, als Komponist gr\u00f6sstenteils Autodidakt und wohl deshalb von verwegen anmutender Offenheit, war gepr\u00e4gt durch die Bauhaus- und die Dada-Bewegung, engagierte sich f\u00fcr Arbeiter und Kommunisten. <\/p>\n<p> 1933 floh der Avantgardist, k\u00e4mpferische Linke und Jude nach Wien, wo er Unterricht nahm bei Anton Webern. Ein Jahr sp\u00e4ter liess er sich in Pal\u00e4stina nieder, lehrte am Konservatorium von Jerusalem. Ende 1938 emigrierte er in die USA, wo er Kontakt pflegte zur Expressionismus-Szene New Yorks und an diversen Institutionen wirkte. <\/p>\n<p> Ab 1956 reiste er wiederholt nach Deutschland, gab Vortr\u00e4ge und Kompositionskurse an den \u00abDarmst\u00e4dter Ferienkursen f\u00fcr Neue Musik\u00bb, wo vor allem amerikanische Komponisten, unter ihnen Morton Feldman und David Tudor, zu seinen Studenten z\u00e4hlten. Ein Brand in seinem Apartment vernichtete 1970 zahlreiche Manuskripte und Notenmaterialien. 1972 starb Wolpe in New York als Folge der Parkinson-Erkrankung. <\/p>\n<p> Welch anregender Kopf und eloquent formulierender Theoretiker und Redner Stefan Wolpe war, verwurzelt in revolution\u00e4ren Str\u00f6mungen seiner Epoche und dar\u00fcber hinausdenkend, erweist sich bei der Lekt\u00fcre des 150. Musik-Konzepte-Bandes. Er enth\u00e4lt vier in deutscher Sprache bisher unpublizierte Vortr\u00e4ge, angeordnet in der Reihenfolge ihres biografischen Bezugs und eingeleitet und kommentiert durch Austin Clarkson, Thomas Phleps, Hyesu Shin und Heidy Zimmermann. <\/p>\n<p> Im Einzelnen: \u00abWas ist Kino-Musik?\u00bb, ein Beitrag von 1926 zur Filmmusik (Wolpes Vater war Gesch\u00e4ftsf\u00fchrer einer Kinokette), \u00abDie Lieder dieser V\u00f6lker sind keine Museumsst\u00fccke\u00bb, vier Vortr\u00e4ge zum Musikleben in Pal\u00e4stina 1938\/1939, \u00abDas Ganze \u00fcberdenken\u00bb (\u00fcber Unkontrolliertes in durchorganisierten Partituren; \u00fcber den Umgang der Dialektik von Ordnung und Freiheit) aus dem Jahr 1959 sowie \u00abVortrag \u00fcber Dada\u00bb (1962). <\/p>\n<p> Dem mit Notenbeispielen und Abbildungen bereicherten Band I, der mit bibliografischen Hinweisen, einer Zeittafel und den Kurzbiografien der Autorinnen und Autoren schliesst, soll im kommenden Jahr ein Doppelband mit Aufs\u00e4tzen zu Wolpes umfangreichem Schaffen zur Seite gestellt werden. <\/p>\n<p> <strong><em>Zitat aus dem Buch: <\/em><\/strong><br \/> \u00abSo war Dada u. a. ein Akt, um alle kulturellen Verantwortlichkeiten loszuwerden \u2013 in Verteidigung des einzigartigen kulturellen Strebens der Menschen. Die Dadaisten rissen Kultur nieder, um die Menschen vom Vorurteil zu befreien, dass Kultur die Menschen vor dem endlosen Gemetzel retten k\u00f6nne. Das war allerdings der Punkt, den ich damals nicht begriff, weil ich zu jung war. Ich h\u00e4tte mehr Zeit n\u00f6tig gehabt, um das zu sehen und zu verstehen. Wir litten nur. Wir hatten nichts zu essen. Wir froren schrecklich. Und mein Vater, der damals [im Ersten Weltkrieg] Offizier war, predigte uns dumme Spr\u00fcche, die vollkommen sinnlos waren. Aber er war nur so sehr von dieser spezifischen Kultur gepr\u00e4gt, dass er keine andere M\u00f6glichkeit sah. So war alles ein und dieselbe Sache: eine der Revolten, eine des Ekels und eine der Versuche, die galoppierenden T\u00e4uschungen der Kultur zu retten \u2013 die einzigartige Stimme der Menschen.\u00bb (aus Wolpes \u00abVortrag \u00fcber Dada\u00bb, Seite 111) <br \/> <\/span> <span class=\"txt-m-black\">(<em>ws<\/em>)<\/span><\/p>\n<p><\/p>\n<p> <center> <\/p>\n<table style=\"width: 430px;\" summary=\"linie\" border=\"0\" cellspacing=\"0\" cellpadding=\"0\">\n<tbody>\n<tr>\n<td colspan=\"9\" bgcolor=\"#666666\" height=\"1\"><img loading=\"lazy\" decoding=\"async\" src=\"http:\/\/212.60.37.143\/grafiken\/dbrown1x1.gif\" border=\"0\" width=\"1\" height=\"1\" \/><\/td>\n<\/tr>\n<\/tbody>\n<\/table>\n<p> <\/center> <\/p>\n<p><span class=\"txt-s-black\">Stefan Wolpe I. Reihe Musik-Konzepte. Neue Folge, herausgegeben von Ulrich Tadday. VII\/2010, Band 150. edition text + kritik im Richard Boorberg Verlag, M\u00fcnchen. 129 Seiten mit Abbildungen und Notenbeispielen. \u20ac 20,\u2013. Fr. 30.50.<\/span><\/p>\n","protected":false},"excerpt":{"rendered":"<p>25.09.2010 &#8212; Er geh\u00f6rt zu den aus seiner Heimat Deutschland vertriebenen K\u00fcnstlern und bem\u00fchte sich nach dem Zweiten Weltkrieg vergeblich,&#8230;<\/p>\n","protected":false},"author":1,"featured_media":0,"comment_status":"open","ping_status":"open","sticky":false,"template":"","format":"standard","meta":{"footnotes":""},"categories":[11],"tags":[],"class_list":["post-717","post","type-post","status-publish","format-standard","hentry","category-buchbesprechungen","entry"],"_links":{"self":[{"href":"https:\/\/codexflores.ch\/index.php\/wp-json\/wp\/v2\/posts\/717","targetHints":{"allow":["GET"]}}],"collection":[{"href":"https:\/\/codexflores.ch\/index.php\/wp-json\/wp\/v2\/posts"}],"about":[{"href":"https:\/\/codexflores.ch\/index.php\/wp-json\/wp\/v2\/types\/post"}],"author":[{"embeddable":true,"href":"https:\/\/codexflores.ch\/index.php\/wp-json\/wp\/v2\/users\/1"}],"replies":[{"embeddable":true,"href":"https:\/\/codexflores.ch\/index.php\/wp-json\/wp\/v2\/comments?post=717"}],"version-history":[{"count":0,"href":"https:\/\/codexflores.ch\/index.php\/wp-json\/wp\/v2\/posts\/717\/revisions"}],"wp:attachment":[{"href":"https:\/\/codexflores.ch\/index.php\/wp-json\/wp\/v2\/media?parent=717"}],"wp:term":[{"taxonomy":"category","embeddable":true,"href":"https:\/\/codexflores.ch\/index.php\/wp-json\/wp\/v2\/categories?post=717"},{"taxonomy":"post_tag","embeddable":true,"href":"https:\/\/codexflores.ch\/index.php\/wp-json\/wp\/v2\/tags?post=717"}],"curies":[{"name":"wp","href":"https:\/\/api.w.org\/{rel}","templated":true}]}}