{"id":733,"date":"2014-01-12T09:23:29","date_gmt":"2014-01-12T09:23:29","guid":{"rendered":"https:\/\/codexflores.ch\/index.php\/2014\/01\/12\/musik-konzepte-stefan-wolpe-ii\/"},"modified":"2014-01-12T09:23:29","modified_gmt":"2014-01-12T09:23:29","slug":"musik-konzepte-stefan-wolpe-ii","status":"publish","type":"post","link":"https:\/\/codexflores.ch\/index.php\/2014\/01\/12\/musik-konzepte-stefan-wolpe-ii\/","title":{"rendered":"Musik-Konzepte: Stefan Wolpe II"},"content":{"rendered":"<p><span class=\"txt-m-black\"> <img decoding=\"async\" src=\"http:\/\/212.60.37.143\/bilder\/2011\/wol811.jpg\" border=\"0\" align=\"left\" \/>11.08.2011 &#8212; Auf den vor einem Jahr erschienenen Band \u00fcber den 1902 in Berlin geborenen, 1972 in New York verstorbenen Stefan Wolpe mit vier seiner Vortr\u00e4ge folgt nun ein Doppelband mit Aufs\u00e4tzen und Werkanalysen f\u00fchrender Wolpe-Forscher \u00fcber Aspekte des facettenreichen kompositorischen Schaffens. <\/p>\n<p> Eine Verbindung zwischen beiden B\u00e4nden schaffen vier Gedichte Wolpes, kommentiert durch Austin Clarkson. \u2013 Den Spannungen zwischen Text und Musik und der stilistischen Vielfalt in Wolpes f\u00fcnf H\u00f6lderlin-Liedern (1924\u20131927) geht Larson Powell nach. \u2013 Wolpes vollchromatische Musik von 1929, bestehend aus 14 Einzelkompositionen auf Texte von Kommunisten, er\u00f6rtert Thomas Phleps. <\/p>\n<p> Nora Born zeichnet ein Portr\u00e4t von Irma Wolpe Rademacher (1902\u20131984), der Gattin des Komponisten zwischen 1934 und 1949, anhand von Erinnerungen der Pianistin (siehe Zitat am Schluss). \u2013 Stefan Wolpes K\u00f6rper-Musik und das Problem ihrer Aktualit\u00e4t unter Ber\u00fccksichtigung der Geschichtsschreibung von Leibowitz und Adorno behandelt Martin Zenck in seinem Aufsatz, in dem er zwei zentrale Werke der 1940er Jahre analysiert: Wolpes \u00abBattle Piece\u00bb f\u00fcr Klavier und Erich Itor Kahns \u00abNenia\u00bb f\u00fcr Cello und Klavier. <\/p>\n<p> Mit dem siebens\u00e4tzigen \u00abBattlepiece\u00bb (Wolpe schrieb den Titel mal getrennt, mal in einem Wort) befasst sich auch Carlo Bianchi in seinem Beitrag \u00abDas Ringen um Neues\u00bb. \u2013 Dem St\u00fcck \u00abInception\u00bb aus Wolpes vom Abstrakten Expressionismus inspirierte \u00abEnactments for Three Pianos\u00bb (1951\u20131963) widmet sich Andrew Kohn. <\/p>\n<p> Anmerkungen Wolpes zu seiner Symphony No. 1 (1956) sind dem Arbeitsbericht Robert Falcks zur Neuausgabe des Orchesterwerks vorangestellt. \u2013 Pers\u00f6nliche Verbindungen und viele Parallelen in Biografie und k\u00fcnstlerischer Einstellung zwischen Var\u00e8se und Wolpe bzw. den \u00abDeserts\u00bb und der Symphony zeigt Austin Clarkson auf. \u2013 Martin Brody schliesslich charakterisiert, auch unter Beizug von Quellenmaterialien und Zeugnissen, den Dialog von Gemeinsamkeit und Wandlungsf\u00e4higkeit in Wolpes Sp\u00e4twerk. <\/p>\n<p> Den mit vielen Illustrationen und Notenbeispielen bereicherten Doppelband beschliessen die Abstracts, biblio- und diskografische Hinweise, die Zeittafel und die Kurzbiografien der Autoren. <\/p>\n<p> <strong><em>Zitat aus dem Buch: <\/em><\/strong><br \/> \u00abIch nannte ihn ,das Einhorn\u2019. Stefan [Wolpe] kann nicht klassifiziert werden. [\u2026] Er ist aus irgendwelchen Traumw\u00e4ldern erschienen, er hatte \u00fcberhaupt kein Verst\u00e4ndnis f\u00fcr den wirklichen Sachverhalt. Und er ignorierte ihn v\u00f6llig ahnungslos, weil er in seiner eigenen Welt lebte. Er verstand nur Musik, visuelle Kunst und Dichtung. Musik in unvorstellbarem Ma\u00dfe. Die Psychologie der Noten, die Physiologie der Noten, die intimsten Geheimnisse der Wechselbeziehungen zwischen den Noten. Wenn er ein St\u00fcck von Bach, oder Beethoven, oder ein \u00e4lteres oder neueres St\u00fcck ansah, verstand er es so gr\u00fcndlich, in seiner gesamten Komplexit\u00e4t und Sch\u00f6nheit. Wenn er \u00fcber Musik sprach, war man beim Geheimnis im Zentrum der Welt angelangt.\u00bb (Aus einem Interview mit Irma Wolpe Rademacher, 1974, zitiert im Beitrag von Nora Born, Seite 46) <br \/> <\/span> <span class=\"txt-m-black\">(<em>ws<\/em>)<\/span><\/p>\n<p><\/p>\n<p> <center> <\/p>\n<table style=\"width: 430px;\" summary=\"linie\" border=\"0\" cellspacing=\"0\" cellpadding=\"0\">\n<tbody>\n<tr>\n<td colspan=\"9\" bgcolor=\"#666666\" height=\"1\"><img loading=\"lazy\" decoding=\"async\" src=\"http:\/\/212.60.37.143\/grafiken\/dbrown1x1.gif\" border=\"0\" width=\"1\" height=\"1\" \/><\/td>\n<\/tr>\n<\/tbody>\n<\/table>\n<p> <\/center> <\/p>\n<p><span class=\"txt-s-black\">Stefan Wolpe II. Reihe Musik-Konzepte. Neue Folge, herausgegeben von Ulrich Tadday. VI\/2011, Band 152\/153. edition text + kritik im Richard Boorberg Verlag, M\u00fcnchen. 198 Seiten mit zahlreichen s\/w-Abbildungen und Notenbeispielen. \u20ac 29,\u2013. Fr. 39.90. <\/p>\n<p> siehe auch: <a href=\"http:\/\/212.60.37.143\/rezensionen_ind2.php?art=648\">Musik-Konzepte Stefan Wolpe I<\/a><\/span><\/p>\n","protected":false},"excerpt":{"rendered":"<p>11.08.2011 &#8212; Auf den vor einem Jahr erschienenen Band \u00fcber den 1902 in Berlin geborenen, 1972 in New York verstorbenen&#8230;<\/p>\n","protected":false},"author":1,"featured_media":0,"comment_status":"open","ping_status":"open","sticky":false,"template":"","format":"standard","meta":{"footnotes":""},"categories":[11],"tags":[],"class_list":["post-733","post","type-post","status-publish","format-standard","hentry","category-buchbesprechungen","entry"],"_links":{"self":[{"href":"https:\/\/codexflores.ch\/index.php\/wp-json\/wp\/v2\/posts\/733","targetHints":{"allow":["GET"]}}],"collection":[{"href":"https:\/\/codexflores.ch\/index.php\/wp-json\/wp\/v2\/posts"}],"about":[{"href":"https:\/\/codexflores.ch\/index.php\/wp-json\/wp\/v2\/types\/post"}],"author":[{"embeddable":true,"href":"https:\/\/codexflores.ch\/index.php\/wp-json\/wp\/v2\/users\/1"}],"replies":[{"embeddable":true,"href":"https:\/\/codexflores.ch\/index.php\/wp-json\/wp\/v2\/comments?post=733"}],"version-history":[{"count":0,"href":"https:\/\/codexflores.ch\/index.php\/wp-json\/wp\/v2\/posts\/733\/revisions"}],"wp:attachment":[{"href":"https:\/\/codexflores.ch\/index.php\/wp-json\/wp\/v2\/media?parent=733"}],"wp:term":[{"taxonomy":"category","embeddable":true,"href":"https:\/\/codexflores.ch\/index.php\/wp-json\/wp\/v2\/categories?post=733"},{"taxonomy":"post_tag","embeddable":true,"href":"https:\/\/codexflores.ch\/index.php\/wp-json\/wp\/v2\/tags?post=733"}],"curies":[{"name":"wp","href":"https:\/\/api.w.org\/{rel}","templated":true}]}}