{"id":740,"date":"2014-01-12T09:27:22","date_gmt":"2014-01-12T09:27:22","guid":{"rendered":"https:\/\/codexflores.ch\/index.php\/2014\/01\/12\/singen-kennt-kein-alter\/"},"modified":"2014-01-12T09:27:22","modified_gmt":"2014-01-12T09:27:22","slug":"singen-kennt-kein-alter","status":"publish","type":"post","link":"https:\/\/codexflores.ch\/index.php\/2014\/01\/12\/singen-kennt-kein-alter\/","title":{"rendered":"\u00abSingen kennt kein Alter!\u00bb"},"content":{"rendered":"<table cellpadding=\"10\">\n<tbody>\n<tr>\n<td width=\"430\"><span class=\"txt-m-black\"><strong>05.04.2012 &#8212; Mit Musik die Lebensqualit\u00e4t steigern: Um das Singen mit \u00e4lteren Menschen zu f\u00f6rdern, haben sich in Deutschland Institutionen aus der Altenpflege und der Kirchenmusik, aus Kultur und Wissenschaft zusammengefunden. Unter dem Thema \u00abSingen kennt kein Alter!\u00bb werden insbesondere Angeh\u00f6rigen, Pflegenden und professionellen Betreuern \u00e4lterer Menschen geeignete Materialien an die Hand gegeben. <\/strong><\/p>\n<p> Singen ist der spontanste Zugang zur Musik. Erfahrungen von Therapeuten, Psychologen und Musikpraktikern zeigen, dass das Singen bei betagten Menschen Identit\u00e4t schafft, dass selbst demente Patienten, die kaum noch sprechen k\u00f6nnen, sich an Melodien und Liedtexte erinnern, die sie einst in der Familie, der Schule, der Kirche gesungen haben. <\/p>\n<p> Schattenseiten des Alterns: In Deutschland spricht man von 1,2 bis 1,6 Millionen Demenzkranken im Alter ab 65 Jahren, Tendenz zunehmend (Statistisches Bundesamt, Wiesbaden, 2008). In Alters- oder Pflegeheimen der Schweiz leiden 39 Prozent der \u00fcber 65-j\u00e4hrigen Personen an einer Demenz, 26 Prozent unter Depressionen (Bundesamt f\u00fcr Statistik, Erhebung 2008\/2009). <\/p>\n<p> Im Unterschied zur seit langem gepflegten musikalischen Arbeit mit Kindern und Jugendlichen hat man sich erst seit einiger Zeit Gedanken dar\u00fcber gemacht, wie musikalische Angebote f\u00fcr alte Menschen methodisch und didaktisch angepasst aufbereitet werden k\u00f6nnen. Seit 2004 bietet die Fachhochschule M\u00fcnster den von Prof. Dr. Hans Hermann Wickel aufgebauten Weiterbildungs-Studiengang \u00abMusikgeragogik\u00bb an (Geragogik ist die spezielle Lehre von der Bildung im Alter). Die Fachdisziplin im Schnittfeld von Musikp\u00e4dagogik und Geragogik befasst sich mit musikalischen Vermittlungs- und Aneignungsprozessen bei alten Menschen. <\/p>\n<p> An Demenz Erkrankte verlieren nach und nach Ged\u00e4chtnis- und Denkf\u00e4higkeiten, h\u00e4lt Hans Hermann Wickel fest. \u00abWas bleibt, sind die Emotionen, die Gef\u00fchle. Ein Mensch bis in weite demenzielle Ver\u00e4nderungen hinein f\u00fchlt genauso wie ein gesunder. Da Musik sehr stark mit Emotionen gekoppelt ist, haben wir die Erfahrung gemacht, dass sehr viele demenziell ver\u00e4nderte Menschen bis in tiefe Stadien ihrer Demenz hinein mit Musik emotional ber\u00fchrbar sind.\u00bb <\/p>\n<p> <strong>\u00abAus meines Herzens Grunde\u00bb \u2013 die vier Editionen<\/strong><\/p>\n<p> Die breit angelegte Initiative zur F\u00f6rderung des Singens mit \u00e4lteren Menschen \u2013 beteiligt sind Caritas, Diakonie, Samariterstiftung, Deutscher Chorverband, SWR 2 und die Verlage Carus und Reclam \u2013 bietet neben lokalen Weiterbildungsreihen und Veranstaltungen Lied-Publikationen und darauf abgestimmte CDs an: ein Liederbuch, einen Klavierband, drei Instrumental-CDs zum Mitsingen und eine Deluxe-Ausgabe aller Kirchenlieder auf drei CDs. <\/p>\n<p> 1. Liederbuch \u00abAus meines Herzens Grunde\u00bb<\/p>\n<p> \u00abAus meines Herzens Grunde sag ich Dir Lob und Dank\u00bb \u2013 dieses Lied aus dem 16. Jahrhundert und \u00fcber 90 weitere alte Kirchenlieder beider Konfessionen sind in diesem Band zusammengestellt, darunter auch viele, die in den aktuellen Gesangb\u00fcchern nicht mehr enthalten sind. Die thematisch aufgebaute Sammlung (Lob, Dank, Vertrauen, Glaube, Sch\u00f6pfung, Kirchenjahr, Maria und Heilige, Morgen und Abend) wendet sich schwerpunktm\u00e4ssig an \u00e4ltere Menschen, welche die ihnen aus Kindheit und Jugend vertrauten Kirchenlieder wieder singen m\u00f6chten. <\/p>\n<p> Die Auswahl der Lieder basiert auf Umfragen in zahlreichen Seniorenheimen und der Beratung von katholischen und evangelischen Instanzen. Die Lieder erscheinen bewusst in den Fassungen der alten Gesangb\u00fccher (1930er bis 1950er Jahre), da den \u00e4lteren Menschen die in der Jugend einge\u00fcbten Liedformen pr\u00e4senter sind als die aktuellen. <\/p>\n<p> Die Lieder sind im Grossdruck wiedergegeben, die Stimmlagen entsprechen den Bed\u00fcrfnissen der \u00e4lteren Stimme. Eine Mitsing-CD liegt bei, und im Anhang findet sich ein Kapitel des Musikgeragogen Hans Hermann Wickel mit praktischen Hinweisen f\u00fcr das Singen mit \u00e4lteren Menschen. Der Band und auch die weiteren Publikationen der Initiative zur F\u00f6rderung des Singens mit \u00e4lteren Menschen sind mit stimmungsvollen Aquarellen in Mischtechnik von Barbara Trapp illustriert. <\/p>\n<p> 2. Deluxe-Edition aller Kirchenlieder auf drei CDs<\/p>\n<p> Sechs profilierte S\u00e4ngerinnen und S\u00e4nger, begleitet von Klavier oder Orgel, haben alle im Liederbuch publizierten Kirchenlieder mit s\u00e4mtlichen Strophen solistisch aufgenommen. Parallel zum Liederbuch erscheinen diese Einspielungen in einem anspruchsvoll ausgestatteten Hardcover-Buch auf drei CDs. <\/p>\n<p> 3. Instrumental-CDs zum Mitsingen<\/p>\n<p> Ebenfalls auf drei CDs wurden instrumentale Langfassungen aller Lieder und Strophen mit Orgel (Stuttgarter Stiftskantor und Organist Kay Johannsen ) oder Klavier (Konzertpianist und Liedbegleiter G\u00f6tz Payer) eingespielt. Die Instrumentalaufnahmen bieten sich besonders als Begleitung f\u00fcr das Singen im Senioren- oder im Familienkreis an. <\/p>\n<p> 4. Klavierband im Grossdruck<\/p>\n<p> Der Klavierband enth\u00e4lt alle 94 Lieder des Liederbuchs in einfachen, \u00fcberwiegend dreistimmigen Begleits\u00e4tzen und im Grossdruck. Damit sollen auch weniger ge\u00fcbte Klavierspielende eingeladen werden, sich den Liedern (wieder) zuzuwenden, sei es f\u00fcr sich oder um andere beim Singen zu unterst\u00fctzen. Die Begleits\u00e4tze wurden von bekannten Kirchenmusikern f\u00fcr das Projekt neu erstellt und bieten eine grosse stilistische Bandbreite. <\/p>\n<p> Vor drei Jahren hatten der Carus-Verlag und der SWR das \u00abWiegenlieder\u00bb-Projekt gestartet. Diese Initiative zur F\u00f6rderung des Singens mit Kindern in Familie und Schule stiess alsbald bundesweit auf Beachtung. \u00abSingen kennt kein Alter!\u00bb stellt nun betagten Menschen qualitativ hervorragende, vielseitig einsetzbare und optimal auf die Zielgruppe ausgerichtete Materialien zur Verf\u00fcgung, mit dem Ziel, durch Singen neue Lebensqualit\u00e4t zu erlangen. Hans Hermann Wickel: \u00abWo die Sprache als normales Mittel der Kommunikation nicht mehr funktioniert, funktioniert noch die Musik.\u00bb <\/p>\n<p> Weitere Publikationen sollen folgen: Alte Menschen kennen nicht nur fromme Lieder, sondern auch Schlager, Volkslieder und Pop-Songs. <\/span> <span class=\"txt-m-black\">(<em>ws<\/em>)<\/span><\/p>\n<p><center> <\/p>\n<table style=\"width: 430px;\" summary=\"linie\" border=\"0\" cellspacing=\"0\" cellpadding=\"0\">\n<tbody>\n<tr>\n<td colspan=\"9\" bgcolor=\"#666666\" height=\"1\"><img loading=\"lazy\" decoding=\"async\" src=\"http:\/\/212.60.37.143\/grafiken\/dbrown1x1.gif\" border=\"0\" width=\"1\" height=\"1\" \/><\/td>\n<\/tr>\n<\/tbody>\n<\/table>\n<p> <\/center><\/td>\n<\/tr>\n<tr>\n<td><span class=\"txt-s-black\">1) Liederbuch \u00abAus meines Herzens Grunde\u00bb. 94 alte Kirchenlieder beider Konfessionen im Grossdruck (Noten und Texte) mit einfachen Akkordsymbolen f\u00fcr die Begleitung durch Gitarre\/Akkordeon. Inkl. Mitsing-CD mit instrumentalen Versionen aller Lieder. A4, 132 Seiten, 30 farbige Illustrationen von Barbara Trapp. Verlage Carus und Reclam, Stuttgart 2012. \u20ac 24,95. Fr. 35.50. <\/p>\n<p> 2) Deluxe-Edition aller Kirchenlieder. Ruth Sandhoff, Sarah Wegener (Sopran), Marion Eckstein (Mezzosopran), Andreas Weller (Tenor), Klaus Mertens, Thilo Dahlmann (Bass), G\u00f6tz Payer (Klavier), Kay Johannsen (Orgel). 3 CDs im Hardcover-Buch mit allen Liedtexten, farbig illustriert von Barbara Trapp. Booklet 84 Seiten. Carus Verlag, Stuttgart, in Koproduktion mit SWR 2, 2012. \u20ac 29,90. Fr. 34.20. <\/p>\n<p> 3) Instrumental-CDs zum Mitsingen. Alle Kirchenlieder in Box mit 3 CDs. Kay Johannsen (Orgel), G\u00f6tz Payer (Klavier). Carus-Verlag, Stuttgart 2012. \u20ac 49,90. <\/p>\n<p> 4) Klavierband im Grossdruck. Die 94 Kirchenlieder des Liederbuchs in einfachen Klaviers\u00e4tzen. Dreistimmige Begleits\u00e4tze im Grossdruck. Querformat, 104 Seiten. Carus-Verlag, Stuttgart 2012. \u20ac 29,90. <\/p>\n<p> <a href=\"http:\/\/www.singen-kennt-kein-alter.de\" target=\"blank\" rel=\"noopener noreferrer\">www.singen-kennt-kein-alter.de<\/a><\/p>\n<p> <a href=\"http:\/\/www.musikgeragogik.de\" target=\"blank\" rel=\"noopener noreferrer\">www.musikgeragogik.de<\/a><\/p>\n<p> Deutsche Gesellschaft f\u00fcr Musikgeragogik (DGfMG): <br \/> <a href=\"http:\/\/www.dg-musikgeragogik.de\" target=\"blank\" rel=\"noopener noreferrer\">www.dg-musikgeragogik.de<\/a> <\/span><\/p>\n<p><center> <\/p>\n<table style=\"width: 430px;\" border=\"0\" cellspacing=\"0\" cellpadding=\"0\" bgcolor=\"#ffffff\">\n<tbody>\n<tr>\n<td colspan=\"9\" bgcolor=\"#666666\" height=\"1\"><img loading=\"lazy\" decoding=\"async\" src=\"http:\/\/212.60.37.143\/grafiken\/dbrown1x1.gif\" border=\"0\" width=\"1\" height=\"1\" \/><\/td>\n<\/tr>\n<\/tbody>\n<\/table>\n<p> <\/center><\/td>\n<\/tr>\n<\/tbody>\n<\/table>\n","protected":false},"excerpt":{"rendered":"<p>05.04.2012 &#8212; Mit Musik die Lebensqualit\u00e4t steigern: Um das Singen mit \u00e4lteren Menschen zu f\u00f6rdern, haben sich in Deutschland Institutionen&#8230;<\/p>\n","protected":false},"author":1,"featured_media":0,"comment_status":"open","ping_status":"open","sticky":false,"template":"","format":"standard","meta":{"footnotes":""},"categories":[11],"tags":[],"class_list":["post-740","post","type-post","status-publish","format-standard","hentry","category-buchbesprechungen","entry"],"_links":{"self":[{"href":"https:\/\/codexflores.ch\/index.php\/wp-json\/wp\/v2\/posts\/740","targetHints":{"allow":["GET"]}}],"collection":[{"href":"https:\/\/codexflores.ch\/index.php\/wp-json\/wp\/v2\/posts"}],"about":[{"href":"https:\/\/codexflores.ch\/index.php\/wp-json\/wp\/v2\/types\/post"}],"author":[{"embeddable":true,"href":"https:\/\/codexflores.ch\/index.php\/wp-json\/wp\/v2\/users\/1"}],"replies":[{"embeddable":true,"href":"https:\/\/codexflores.ch\/index.php\/wp-json\/wp\/v2\/comments?post=740"}],"version-history":[{"count":0,"href":"https:\/\/codexflores.ch\/index.php\/wp-json\/wp\/v2\/posts\/740\/revisions"}],"wp:attachment":[{"href":"https:\/\/codexflores.ch\/index.php\/wp-json\/wp\/v2\/media?parent=740"}],"wp:term":[{"taxonomy":"category","embeddable":true,"href":"https:\/\/codexflores.ch\/index.php\/wp-json\/wp\/v2\/categories?post=740"},{"taxonomy":"post_tag","embeddable":true,"href":"https:\/\/codexflores.ch\/index.php\/wp-json\/wp\/v2\/tags?post=740"}],"curies":[{"name":"wp","href":"https:\/\/api.w.org\/{rel}","templated":true}]}}