{"id":741,"date":"2014-01-12T09:27:48","date_gmt":"2014-01-12T09:27:48","guid":{"rendered":"https:\/\/codexflores.ch\/index.php\/2014\/01\/12\/freiburger-chorbuch-2\/"},"modified":"2014-01-12T09:27:48","modified_gmt":"2014-01-12T09:27:48","slug":"freiburger-chorbuch-2","status":"publish","type":"post","link":"https:\/\/codexflores.ch\/index.php\/2014\/01\/12\/freiburger-chorbuch-2\/","title":{"rendered":"Freiburger Chorbuch 2"},"content":{"rendered":"<p><span class=\"txt-m-black\"> <img decoding=\"async\" src=\"http:\/\/212.60.37.143\/bilder\/2012\/frechor.jpg\" border=\"0\" align=\"left\" \/>29.05.2012 &#8212; Von Praktikern f\u00fcr die Praxis: Das Freiburger Chorbuch 2 versteht sich als Fortsetzung des 1994 publizierten Bandes, der inzwischen die Auflage von 100.000 Exemplaren \u00fcberschritten hat, tr\u00e4gt andrerseits den Ver\u00e4nderungen in der Chorszene Rechnung. Begleitet wird das Chorbuch von einer CD mit ausgew\u00e4hlten Werken. <\/p>\n<p> Waren ins erste Chorbuch Anregungen des Zweiten Vatikanischen Konzils aufgenommen worden, weitet nun das Freiburger Chorbuch 2 das Spektrum und bezieht internationales Repertoire mit ein, darunter Werke und Einfl\u00fcsse aus der englisch-anglikanischen Tradition sowie Impulse aus nord- und osteurop\u00e4ischen L\u00e4ndern. Stilvielfalt ist ein weiteres Charakteristikum der Sammlung. Den originalen Texten der zahlreichen Beitr\u00e4ge aus dem fremdsprachigen Raum sind sangbare \u00dcbertragungen ins Deutsche beigef\u00fcgt. <\/p>\n<p> Chormusik zur Liturgie wird a cappella oder mit Orgelbegleitung (eventuell Instrumentalgruppen) durch ambitionierte Ch\u00f6re, auch durch das Miteinander oder Alternieren von Chor und Kinderchor und singender Gemeinde gepflegt. Diesen vielseitigen M\u00f6glichkeiten \u2013 inbegriffen die konzertante Auff\u00fchrung \u2013 tr\u00e4gt das Freiburger Chorbuch 2 Rechnung. <\/p>\n<p> Von barocken Chorals\u00e4tzen bis zum Neuen geistlichen Lied: Mit \u00fcberwiegend vierstimmigen St\u00fccken f\u00fcr gemischten Chor ber\u00fccksichtigt es den Lauf des Kirchenjahrs vom Advent bis zum Ewigkeitssonntag, setzt Schwerpunkte in der Eucharistiefeier, Tagzeiten (Vesper, Komplet, Evensong) sowie in kirchenmusikalisch gestalteten Andachten (Kreuzweg, Maiandacht); bekannte Kirchenlieder sind in neuen S\u00e4tzen einbezogen. Alle Chorwerke \u2013 etliche davon eigens f\u00fcr diese Edition komponiert oder bearbeitet \u2013 stehen einerseits f\u00fcr sich, k\u00f6nnen als musikalische Bausteine zudem auch in diversen Kombinationen eingesetzt werden. Und manche St\u00fccke (Psalmvertonungen, Chorals\u00e4tze) eignen sich auch f\u00fcr \u00f6kumenische Feiern. <\/p>\n<p> Klingende Anregungen in exemplarischen Interpretationen: Die von J\u00fcrgen Ochs geleitete zw\u00f6lfstimmige Rastatter Hofkapelle, begleitet durch Matthias Degott an Orgel und Klavier, hat in Zusammenarbeit mit dem SWR2 eine CD mit 25 farben- und formenreichen Beispielen aus dem Freiburger Chorbuch 2 aufgenommen. <\/p>\n<p> Das Chorbuch selbst ist in der Reihenfolge der 150 S\u00e4tze alphabetisch angelegt, nimmt ein mit klarem Druckbild und ist aufgeschl\u00fcsselt durch das Inhalts- und das Komponistenverzeichnis, das Stichwortregister und die Liste der Schriftstellen. Dem Hauptband f\u00fcr Dirigenten und Instrumentalisten zur Seite steht die edition<em>chor<\/em> f\u00fcr die Vokalisten, in der die Begleitung auf Stichnoten reduziert ist. <\/span> <span class=\"txt-m-black\">(<em>ws<\/em>)<\/span><\/p>\n<p><\/p>\n<p> <center> <\/p>\n<table style=\"width: 430px;\" summary=\"linie\" border=\"0\" cellspacing=\"0\" cellpadding=\"0\">\n<tbody>\n<tr>\n<td colspan=\"9\" bgcolor=\"#666666\" height=\"1\"><img loading=\"lazy\" decoding=\"async\" src=\"http:\/\/212.60.37.143\/grafiken\/dbrown1x1.gif\" border=\"0\" width=\"1\" height=\"1\" \/><\/td>\n<\/tr>\n<\/tbody>\n<\/table>\n<p> <\/center> <\/p>\n<p><span class=\"txt-s-black\">Freiburger Chorbuch 2. Herausgegeben vom Amt f\u00fcr Kirchenmusik der Erzdi\u00f6zese Freiburg im Verlag Carus, Stuttgart, durch KMD Wilm Geismann (Ltg.), Matthias Degott, KMD Brigitte Fr\u00f6hlich, Karin Karle, Leo Langer, KMD Michael Meuser, J\u00fcrgen Ochs, Meinrad Walter. \u2013 Chorleiterband (Carus 2.035); edition<em>chor<\/em> (Carus 2.035\/05); CD-Einspielung ausgew\u00e4hlter Chormusik zur Liturgie (Carus 2.035\/99). \u2013 Chorbuch (234 Seiten) + CD (64\u2019) Subskriptionspreis \u20ac 34,90, ab 1.Juli 2012 \u20ac 39,90. <\/span><\/p>\n","protected":false},"excerpt":{"rendered":"<p>29.05.2012 &#8212; Von Praktikern f\u00fcr die Praxis: Das Freiburger Chorbuch 2 versteht sich als Fortsetzung des 1994 publizierten Bandes, der&#8230;<\/p>\n","protected":false},"author":1,"featured_media":0,"comment_status":"open","ping_status":"open","sticky":false,"template":"","format":"standard","meta":{"footnotes":""},"categories":[11],"tags":[],"class_list":["post-741","post","type-post","status-publish","format-standard","hentry","category-buchbesprechungen","entry"],"_links":{"self":[{"href":"https:\/\/codexflores.ch\/index.php\/wp-json\/wp\/v2\/posts\/741","targetHints":{"allow":["GET"]}}],"collection":[{"href":"https:\/\/codexflores.ch\/index.php\/wp-json\/wp\/v2\/posts"}],"about":[{"href":"https:\/\/codexflores.ch\/index.php\/wp-json\/wp\/v2\/types\/post"}],"author":[{"embeddable":true,"href":"https:\/\/codexflores.ch\/index.php\/wp-json\/wp\/v2\/users\/1"}],"replies":[{"embeddable":true,"href":"https:\/\/codexflores.ch\/index.php\/wp-json\/wp\/v2\/comments?post=741"}],"version-history":[{"count":0,"href":"https:\/\/codexflores.ch\/index.php\/wp-json\/wp\/v2\/posts\/741\/revisions"}],"wp:attachment":[{"href":"https:\/\/codexflores.ch\/index.php\/wp-json\/wp\/v2\/media?parent=741"}],"wp:term":[{"taxonomy":"category","embeddable":true,"href":"https:\/\/codexflores.ch\/index.php\/wp-json\/wp\/v2\/categories?post=741"},{"taxonomy":"post_tag","embeddable":true,"href":"https:\/\/codexflores.ch\/index.php\/wp-json\/wp\/v2\/tags?post=741"}],"curies":[{"name":"wp","href":"https:\/\/api.w.org\/{rel}","templated":true}]}}