{"id":755,"date":"2014-01-12T09:34:29","date_gmt":"2014-01-12T09:34:29","guid":{"rendered":"https:\/\/codexflores.ch\/index.php\/2014\/01\/12\/biblioteca-beethoveniana\/"},"modified":"2014-01-12T09:34:29","modified_gmt":"2014-01-12T09:34:29","slug":"biblioteca-beethoveniana","status":"publish","type":"post","link":"https:\/\/codexflores.ch\/index.php\/2014\/01\/12\/biblioteca-beethoveniana\/","title":{"rendered":"Biblioteca Beethoveniana"},"content":{"rendered":"<p><span class=\"txt-m-black\"><img decoding=\"async\" src=\"http:\/\/212.60.37.143\/bilder\/2013\/beeth24213.jpg\" border=\"0\" align=\"left\" \/>01.03.2013 &#8212; Vor gut vier Jahrzehnten begannen der im Buchhandel t\u00e4tige Italiener Sergio Carrino und seine Frau Giuliana alles zu sammeln, was mit der Person Beethovens und dessen Schaffen zu tun hat. Dank Hingabe und erheblichen finanziellen Aufwendungen \u00e4ufneten sie eine der bemerkenswertesten Beethoveniana-Kollektionen. Das vorliegende B\u00e4ndchen gibt Einblick in die Sammlung Carrino, aus der bis zum 20. Mai 2013 \u00fcber 200 Objekte im Beethoven-Haus Bonn pr\u00e4sentiert werden. <\/p>\n<p> W\u00e4hrend Museen und Privatsammler vorwiegend Gegenst\u00e4nde mit k\u00fcnstlerischem Wert oder spezifischem Inhalt zusammengetragen haben, weiteten die Carrinos ihren Blickwinkel, trugen aus vielen L\u00e4ndern sowohl Werke von \u00e4sthetischem Rang wie auch Devotionalien, Kuriosit\u00e4ten und Banales zum Thema Beethoven zusammen, alles in allem \u00fcber 9000 Objekte. Sie bieten abwechslungsreiche Einblicke in die Wirkungs- und Mentalit\u00e4tsgeschichte von der 1. H\u00e4lfte des 19. Jahrhunderts bis in unsere Tage. <\/p>\n<p> Das Katalogb\u00fcchlein widerspiegelt in Wort und Bild die vielf\u00e4ltigen Aspekte der Sammlung Carrino, die nun erstmals einer breiten \u00d6ffentlichkeit vorgestellt wird: \u00d6lgem\u00e4lde, Skulpturen, B\u00fcsten, Masken, Grafiken, B\u00fccher (darunter Erstausgaben aus Beethovens Lebenszeit), M\u00fcnzen, Plaketten, Gedenkmedaillen und Exlibris setzen sich in vielf\u00e4ltigen Facetten auseinander mit dem idealisierten, das Schicksal bezwingenden, stets grimmigen Genie. <\/p>\n<p> Ludwig van wirbt aber auch f\u00fcr Parf\u00fcm, Seife und Unterw\u00e4sche, auf der Hundert-Milliarden-Mark-Note von 1923 aus Bonn f\u00fcr trotziges Durchhalten in Krisenzeiten. <\/p>\n<p> Die am\u00fcsante Kehrseite: Beethoven auf Augenh\u00f6he. Tabak und Alkoholika war er nicht abgeneigt: das Haupt des Meisters als Pfeifenkopf, auf Streichh\u00f6lzern, Feuerzeug, Tabakdose, Aschenbecher, Zigarren-Banderole, Flaschenverschluss. Herhalten musste sein Konterfei auf Spiel- und Postkarten, Briefbeschwerer, Tischglocke, Buchst\u00fctze, Taschenmesser, Karnevalsorden. Nach Entkorken der Flasche in Geigenform klimpert eine Spieluhr: \u00abEine k\u00f6stliche Bereicherung Deiner Bar! Sie sorgt f\u00fcr viel Unterhaltung\u2026! Man schenkt ein, und die T\u00f6ne der 5. Symphonie erf\u00fcllen die Luft!\u00bb (Werbetext Ende 1960er Jahre, USA) <\/p>\n<p> Ein letztes Beispiel aus dem Land der begrenzten M\u00f6glichkeiten: brauner Beethoven-Kopf, darunter eine monstr\u00f6se rote Fliege, verbunden mit einem schwarzen Aschenbecher. \u00abThe Smoking, Coughing Beethoven\u00bb von 1972 f\u00fcr 35 Dollar. Mittels batteriebetriebenem Mechanismus raucht er eine echte, in den Mundwinkel gesteckte Zigarette und hustet. Erl\u00e4uterung dazu: \u00abBeethoven\u2019s cough was even great. Watch him try to cheat his fate. See him smoking like a master\u2026 Puffing fast and coughing faster!\u00bb \u2013 Endlich kl\u00e4rt sich, wie er auf das Kopfthema der F\u00fcnften kam. <\/span> <span class=\"txt-m-black\">(<em>ws<\/em>)<\/span><\/p>\n<p><\/p>\n<p> <center> <\/p>\n<table style=\"width: 430px;\" summary=\"linie\" border=\"0\" cellspacing=\"0\" cellpadding=\"0\">\n<tbody>\n<tr>\n<td colspan=\"9\" bgcolor=\"#666666\" height=\"1\"><img loading=\"lazy\" decoding=\"async\" src=\"http:\/\/212.60.37.143\/grafiken\/dbrown1x1.gif\" border=\"0\" width=\"1\" height=\"1\" \/><\/td>\n<\/tr>\n<\/tbody>\n<\/table>\n<p> <\/center> <\/p>\n<p><span class=\"txt-s-black\">Michael Ladenburger und Nicole K\u00e4mpken (Hrsg.): Eine Beethoven-Wunderkammer in Italien. Die Sammlung Carrino. Begleitpublikationen zu Ausstellungen des Beethoven-Hauses Bonn, Bd. 20. Carus-Verlag, Stuttgart 2012. 56 Seiten mit farbigen Abbildungen. \u20ac 12,\u2013. <\/p>\n<p> siehe auch: <br \/> <a href=\"http:\/\/212.60.37.143\/rezensionen_ind2.php?art=808\">Beethoven im Bild<\/a><br \/> <a href=\"http:\/\/www.beethoven-haus-bonn.de\" target=\"blank\" rel=\"noopener noreferrer\">www.beethoven-haus-bonn.de<\/a> <\/span><\/p>\n","protected":false},"excerpt":{"rendered":"<p>01.03.2013 &#8212; Vor gut vier Jahrzehnten begannen der im Buchhandel t\u00e4tige Italiener Sergio Carrino und seine Frau Giuliana alles zu&#8230;<\/p>\n","protected":false},"author":1,"featured_media":0,"comment_status":"open","ping_status":"open","sticky":false,"template":"","format":"standard","meta":{"footnotes":""},"categories":[11],"tags":[],"class_list":["post-755","post","type-post","status-publish","format-standard","hentry","category-buchbesprechungen","entry"],"_links":{"self":[{"href":"https:\/\/codexflores.ch\/index.php\/wp-json\/wp\/v2\/posts\/755","targetHints":{"allow":["GET"]}}],"collection":[{"href":"https:\/\/codexflores.ch\/index.php\/wp-json\/wp\/v2\/posts"}],"about":[{"href":"https:\/\/codexflores.ch\/index.php\/wp-json\/wp\/v2\/types\/post"}],"author":[{"embeddable":true,"href":"https:\/\/codexflores.ch\/index.php\/wp-json\/wp\/v2\/users\/1"}],"replies":[{"embeddable":true,"href":"https:\/\/codexflores.ch\/index.php\/wp-json\/wp\/v2\/comments?post=755"}],"version-history":[{"count":0,"href":"https:\/\/codexflores.ch\/index.php\/wp-json\/wp\/v2\/posts\/755\/revisions"}],"wp:attachment":[{"href":"https:\/\/codexflores.ch\/index.php\/wp-json\/wp\/v2\/media?parent=755"}],"wp:term":[{"taxonomy":"category","embeddable":true,"href":"https:\/\/codexflores.ch\/index.php\/wp-json\/wp\/v2\/categories?post=755"},{"taxonomy":"post_tag","embeddable":true,"href":"https:\/\/codexflores.ch\/index.php\/wp-json\/wp\/v2\/tags?post=755"}],"curies":[{"name":"wp","href":"https:\/\/api.w.org\/{rel}","templated":true}]}}