{"id":785,"date":"2014-01-12T11:46:13","date_gmt":"2014-01-12T11:46:13","guid":{"rendered":"https:\/\/codexflores.ch\/index.php\/2014\/01\/12\/aufgeklaerte-avantgarde\/"},"modified":"2014-01-12T11:46:13","modified_gmt":"2014-01-12T11:46:13","slug":"aufgeklaerte-avantgarde","status":"publish","type":"post","link":"https:\/\/codexflores.ch\/index.php\/2014\/01\/12\/aufgeklaerte-avantgarde\/","title":{"rendered":"Aufgekl\u00e4rte Avantgarde"},"content":{"rendered":"<p><span class=\"txt-m-black\">04.04.2005 &#8212; Seit jeher besteht eine Kluft zwischen dem guten Willen der politisch engagierten musikalischen Avantgarde und ihrer Kunst, die keine Breitenwirkung zu erzielen vermag. Der 1934 in Nizza geborene, in den USA lebende Komponist Christian Wolff formulierte das Dilemma 1984 so: \u00abZwei entgegengesetzte Positionen k\u00f6nnen beispielhaft gezeigt werden: die eine von Cornelius Cardew, der einseht, dass es keine politisch effektive Avantgarde-Kunst geben kann, und sein fr\u00fcheres (und ausgezeichnetes) Werk experimenteller Musik verwirft zugunsten von musikalischen Stilen, die entweder einer Volks- und Popular-Tradition oder den expressivsten Elementen romantischer Kunstmusik des neunzehnten Jahrhunderts verwandt sind; und die andere, von Luigi Nono, seit langer Zeit Mitglied und wichtiger Funktion\u00e4r der italienischen Kommunistischen Partei, der in einer kompromisslos avancierten Weise komponiert und uneingeschr\u00e4nkten Gebrauch von seriellen Techniken und von der Elektronik macht.\u00bb (in S. P. Scher, \u00abLiteratur und Musik\u00bb, Berlin, 1984)<\/p>\n<p> In einer Antwort auf die Frage der Popularisierung Neuer Musik skizziert Wolff eine Art des Musizierens, die auch \u00abLaien, Kinder, \u00e4ltere Menschen oder arbeitende Leute\u00bb mitbeteiligt. Und er greift ein Grundproblem auf, mit dem die Verbindung aufkl\u00e4rerischer Arbeit und avantgardistischer Musik immer wieder zu k\u00e4mpfen hat: Neue Musik will nicht nur die passive Emotionalit\u00e4t f\u00f6rdern, sondern Reflexionen provozieren. Tats\u00e4chlich bleibt es jedoch schwierig, avantgardistische Musik einem breiten Publikum als politisches und gesellschaftliches Ausdrucksmittel schmackhaft zu machen. Allerdings ist es nicht so, dass unterprivilegierte Bev\u00f6lkerungsgruppen Musik nicht als Mittel des politischen Kampfes benutzen w\u00fcrden \u2013 ganz im Gegenteil. Nur ist es vor allem das anarchistische Potential der Kl\u00e4nge, die M\u00f6glichkeit, Kraft und Wut direkt in Ausdruck umzusetzen, die den entsprechenden Stil bestimmt: Punk, Reggae, Rap oder die neueren Formen der Videoclip-Generation artikulieren dezidiert (und wirksam) provokative soziale Botschaften.<\/p>\n<p> Die Musik der pr\u00e4postmodernen Avantgarde ist dazu weder zu komplex noch zu ungewohnt \u2013 sie spricht ganz einfach nicht die Gef\u00fchlssprache der Massen, vor allem der Jungen. Wolff ist sich des Problems bewusst. Im Zusammenhang mit einem seiner Werke, den f\u00fcr Frederic Rzewski geschriebenen \u00abAccompainments\u00bb schreibt er: \u00abJedoch kann der experimentelle Charakter der Textvertonung einem gewissen Publikum einfach exzentrisch erscheinen, und schlimmer, der Text kann selbst l\u00e4cherlich erscheinen. Es kann sein, dass da eine zu grosse Spannung oder ein Widerspruch zwischen dieser Art von Text und seiner Gestaltung ist.\u00bb Der Widerspruch, den Wolff sp\u00fcrt, d\u00fcrfte wohl vor allem der Widerspruch sein zwischen den Gef\u00fchlswelten der \u00abMassen\u00bb und den letztlich immer noch in abendl\u00e4ndischer Bildungsb\u00fcrgertradition wurzelnden \u00abAvantgardisten\u00bb.<\/p>\n<p> Ganz ohne Wirkung ist die Avangarde aber nicht. H\u00f6rt man sich moderne Pop- und Techno-Produktionen an, so gewinnt man den Eindruck, zahlreiche gestalterische Mittel seien der klassischen Avantgarde abgekupfert: Collagen, Spieltechniken, Ger\u00e4uscheffekte und so weiter scheinen ohne die Experimente aus den f\u00fcnfziger und sechziger Jahren, scheinen ohne Stockhausen, Kagel, Cage und so fort nicht denkbar. Darin liegt die Wirksamkeit der Avantgarde wohl (seit jeher) begr\u00fcndet: Im Entwickeln und Verfeinern neuer Formen des Ausdrucks. In der sukzessiven Ausweitung der Klangsprache beziehungsweise der Suche nach zeitgem\u00e4ssen Mitteln der Komposition. Eine Popularisierung ergibt sich ganz von selbst. Man pr\u00fcft, befindet f\u00fcr gut: Die Subkultur, die Massenkultur adaptieren die neuen Materialien und laden sie mit ihren eigenen emotionellen Inhalten auf. So bleibt die Avantgarde was sie doch allzu gerne immer wieder nicht sein m\u00f6chte: nicht unbedingt geistige, sicher aber funktionelle &#8211; grammatikalische &#8211; Elite. (wb)<br \/><\/span><\/p>\n","protected":false},"excerpt":{"rendered":"<p>04.04.2005 &#8212; Seit jeher besteht eine Kluft zwischen dem guten Willen der politisch engagierten musikalischen Avantgarde und ihrer Kunst, die&#8230;<\/p>\n","protected":false},"author":1,"featured_media":0,"comment_status":"open","ping_status":"open","sticky":false,"template":"","format":"standard","meta":{"footnotes":""},"categories":[16],"tags":[],"class_list":["post-785","post","type-post","status-publish","format-standard","hentry","category-musikgeschichte","entry"],"_links":{"self":[{"href":"https:\/\/codexflores.ch\/index.php\/wp-json\/wp\/v2\/posts\/785","targetHints":{"allow":["GET"]}}],"collection":[{"href":"https:\/\/codexflores.ch\/index.php\/wp-json\/wp\/v2\/posts"}],"about":[{"href":"https:\/\/codexflores.ch\/index.php\/wp-json\/wp\/v2\/types\/post"}],"author":[{"embeddable":true,"href":"https:\/\/codexflores.ch\/index.php\/wp-json\/wp\/v2\/users\/1"}],"replies":[{"embeddable":true,"href":"https:\/\/codexflores.ch\/index.php\/wp-json\/wp\/v2\/comments?post=785"}],"version-history":[{"count":0,"href":"https:\/\/codexflores.ch\/index.php\/wp-json\/wp\/v2\/posts\/785\/revisions"}],"wp:attachment":[{"href":"https:\/\/codexflores.ch\/index.php\/wp-json\/wp\/v2\/media?parent=785"}],"wp:term":[{"taxonomy":"category","embeddable":true,"href":"https:\/\/codexflores.ch\/index.php\/wp-json\/wp\/v2\/categories?post=785"},{"taxonomy":"post_tag","embeddable":true,"href":"https:\/\/codexflores.ch\/index.php\/wp-json\/wp\/v2\/tags?post=785"}],"curies":[{"name":"wp","href":"https:\/\/api.w.org\/{rel}","templated":true}]}}