{"id":80,"date":"2014-01-07T07:12:53","date_gmt":"2014-01-07T07:12:53","guid":{"rendered":"https:\/\/codexflores.ch\/index.php\/2014\/01\/07\/tod-des-dirigenten-milan-horvat\/"},"modified":"2014-01-07T07:12:53","modified_gmt":"2014-01-07T07:12:53","slug":"tod-des-dirigenten-milan-horvat","status":"publish","type":"post","link":"https:\/\/codexflores.ch\/index.php\/2014\/01\/07\/tod-des-dirigenten-milan-horvat\/","title":{"rendered":"Tod des Dirigenten Milan Horvat"},"content":{"rendered":"<p>07.01.2014 &#8212; Der kroatische Dirigent Milan Horvat, unter anderem Ehrendirigent des Kammerorchesters Lausanne und Lehrer von Fabio Luisi, ist in Innsbruck im Alter von 95 Jahren verstorben.<\/p>\n<p>\u00a0<\/p>\n<p><strong>Der kroatische Dirigent Milan Horvat, unter anderem Ehrendirigent des Kammerorchesters Lausanne und Lehrer von Fabio Luisi, ist in Innsbruck im Alter von 95 Jahren verstorben.<\/strong><\/p>\n<p>07.01.2014 &#8212; Der 1919 geborene Horvat war Sch\u00fcler von Igor Markevitch und amtete ab 1946 zun\u00e4chst als Chefdirigent des Radio-Symphonieorchesters Zagreb. 1953 \u00fcbernah er den Posten des Chefdirigenten des RT\u00c9 National Symphony Orchestra Dublin. Zwischen 1969 bis 1975 leitete er als Chefdirigent das <span class=\"mw-redirect\">ORF-Symphonieorchester und v<\/span>on 1997 bis 2000 das Grazer Symphonische Orchestes.<\/p>\n<p>Neben Fabio Luisi, dem Chefdirigenten des Z\u00fcrcher Opernhauses, z\u00e4hlten Richard Hein, Michele Trenti und Gerhard Pr\u00e4sent zu seinen Sch\u00fclern. Als Lehrer t\u00e4tig war er an der Internationalen Sommerakademie Salzburg und bis 1989 an der Grazer Musikuniversit\u00e4t.\u00a0<\/p>\n<p>\u00a0<\/p>\n","protected":false},"excerpt":{"rendered":"<p>07.01.2014 &#8212; Der kroatische Dirigent Milan Horvat, unter anderem Ehrendirigent des Kammerorchesters Lausanne und Lehrer von Fabio Luisi, ist in Innsbruck im Alter von 95 Jahren verstorben.<\/p>\n","protected":false},"author":1,"featured_media":0,"comment_status":"open","ping_status":"open","sticky":false,"template":"","format":"standard","meta":{"footnotes":""},"categories":[2],"tags":[],"class_list":["post-80","post","type-post","status-publish","format-standard","hentry","category-nachrichten","entry"],"_links":{"self":[{"href":"https:\/\/codexflores.ch\/index.php\/wp-json\/wp\/v2\/posts\/80","targetHints":{"allow":["GET"]}}],"collection":[{"href":"https:\/\/codexflores.ch\/index.php\/wp-json\/wp\/v2\/posts"}],"about":[{"href":"https:\/\/codexflores.ch\/index.php\/wp-json\/wp\/v2\/types\/post"}],"author":[{"embeddable":true,"href":"https:\/\/codexflores.ch\/index.php\/wp-json\/wp\/v2\/users\/1"}],"replies":[{"embeddable":true,"href":"https:\/\/codexflores.ch\/index.php\/wp-json\/wp\/v2\/comments?post=80"}],"version-history":[{"count":0,"href":"https:\/\/codexflores.ch\/index.php\/wp-json\/wp\/v2\/posts\/80\/revisions"}],"wp:attachment":[{"href":"https:\/\/codexflores.ch\/index.php\/wp-json\/wp\/v2\/media?parent=80"}],"wp:term":[{"taxonomy":"category","embeddable":true,"href":"https:\/\/codexflores.ch\/index.php\/wp-json\/wp\/v2\/categories?post=80"},{"taxonomy":"post_tag","embeddable":true,"href":"https:\/\/codexflores.ch\/index.php\/wp-json\/wp\/v2\/tags?post=80"}],"curies":[{"name":"wp","href":"https:\/\/api.w.org\/{rel}","templated":true}]}}